

{"id":3940,"date":"2023-03-29T11:30:01","date_gmt":"2023-03-29T11:30:01","guid":{"rendered":"https:\/\/www.iniciatives.org\/?p=3940"},"modified":"2023-05-11T15:24:47","modified_gmt":"2023-05-11T15:24:47","slug":"loci-una-part-vital-per-les-persones-usuaries-dels-nostres-programes","status":"publish","type":"post","link":"https:\/\/www.iniciatives.org\/es\/loci-una-part-vital-per-les-persones-usuaries-dels-nostres-programes\/","title":{"rendered":"L\u2019oci, una part vital per les persones usu\u00e0ries dels nostres programes"},"content":{"rendered":"\n<figure class=\"wp-block-image size-large is-resized\"><img loading=\"lazy\" decoding=\"async\" src=\"https:\/\/www.iniciatives.org\/wp-content\/uploads\/2023\/05\/image-3.png\" alt=\"\" class=\"wp-image-3947\" width=\"788\" height=\"76\" srcset=\"https:\/\/www.iniciatives.org\/wp-content\/uploads\/2023\/05\/image-3.png 836w, https:\/\/www.iniciatives.org\/wp-content\/uploads\/2023\/05\/image-3-800x78.png 800w, https:\/\/www.iniciatives.org\/wp-content\/uploads\/2023\/05\/image-3-768x74.png 768w\" sizes=\"auto, (max-width: 788px) 100vw, 788px\" \/><\/figure>\n\n\n\n<p>En aquest cas els hi ha tocat a l\u2019equip d\u2019<a href=\"https:\/\/www.fepa18.org\/es\/projectes\/proyecto-imex\/\">Imex<\/a> (Itineraris d\u2019Emancipaci\u00f3 d\u2019\u00c8xit), al programa de Refugiats i la Llar Victoria gaudir del partit de quarts de final del Futbol Club Barcelona femen\u00ed, gr\u00e0cies a les entrades facilitades per la Fundaci\u00f3 Futbol Club Barcelona.<\/p>\n\n\n\n<p>L\u2019experi\u00e8ncia va ser molt emocionant, especial i divertida pels joves, ja que no havien pogut assistir a cap partit de futbol al Camp Nou.<\/p>\n\n\n\n<p>Juntament amb les educadores, van cridar i gaudir, ja que gr\u00e0cies a aquests moments deixen de banda encara que sigui per aquest dia, dels problemes o dificultats que puguin tindre a la seva vida quotidiana.<\/p>\n\n\n\n<p>Tot aix\u00f2, no hagu\u00e9s estat possible sense l\u2019ajut del <a href=\"https:\/\/next-generation-eu.europa.eu\/index_es\">Fons Social Europeu de Recuperaci\u00f3 Next Generation EU<\/a>, i que aquest compta amb el recolzament del <a href=\"https:\/\/www.mdsocialesa2030.gob.es\/\">Ministeri de Drets Socials i Agenda 2030<\/a> i s\u2019emmarca dins del <a href=\"https:\/\/planderecuperacion.gob.es\/plan-de-recuperacion-para-europa#:~:text=Plan%20de%20Recuperaci%C3%B3n%20para%20Europa%3A%20NextGenerationEU%20El%20Consejo,la%20crisis%20sin%20precedentes%20causada%20por%20el%20coronavirus.\">Pla de Resili\u00e8ncia del Govern d\u2019Espanya<\/a>.<\/p>\n\n\n\n<p>Tamb\u00e9 agrair a l\u2019entitat <a href=\"https:\/\/www.fepa18.org\/es\/\">FEPA (Federaci\u00f3 d\u2019Entitats amb Projectes i Pisos Assistits)<\/a>, per col\u00b7laborar amb nosaltres i a la <a href=\"https:\/\/fundacion.fcbarcelona.es\/inicio\">Fundaci\u00f3 del Futbol Club Barcelona<\/a> per facilitar que els nostres usuaris gaudeixin d\u2019una estona d\u2019esbarjo.<\/p>\n\n\n\n<div class=\"wp-block-image\"><figure class=\"aligncenter size-large is-resized\"><img loading=\"lazy\" decoding=\"async\" src=\"https:\/\/www.iniciatives.org\/wp-content\/uploads\/2023\/05\/Stencil-Group-Photo-2-3-724x1024.png\" alt=\"\" class=\"wp-image-3974\" width=\"366\" height=\"517\"\/><\/figure><\/div>\n\n\n\n<figure class=\"wp-block-image size-large is-resized\"><img loading=\"lazy\" decoding=\"async\" src=\"https:\/\/www.iniciatives.org\/wp-content\/uploads\/2023\/05\/image-2.png\" alt=\"\" class=\"wp-image-3945\" width=\"778\" height=\"67\" srcset=\"https:\/\/www.iniciatives.org\/wp-content\/uploads\/2023\/05\/image-2.png 901w, https:\/\/www.iniciatives.org\/wp-content\/uploads\/2023\/05\/image-2-800x70.png 800w, https:\/\/www.iniciatives.org\/wp-content\/uploads\/2023\/05\/image-2-768x67.png 768w\" sizes=\"auto, (max-width: 778px) 100vw, 778px\" \/><\/figure>\n\n\n\n<p><\/p>\n","protected":false},"excerpt":{"rendered":"<p>En aquest cas els hi ha tocat a l\u2019equip d\u2019Imex (Itineraris d\u2019Emancipaci\u00f3 d\u2019\u00c8xit), al programa de Refugiats i la Llar Victoria gaudir del partit de quarts de final del Futbol Club Barcelona femen\u00ed, gr\u00e0cies a les entrades facilitades per la Fundaci\u00f3 Futbol Club Barcelona. L\u2019experi\u00e8ncia va ser molt emocionant, especial i divertida pels joves, ja&hellip;&nbsp;<a href=\"https:\/\/www.iniciatives.org\/es\/loci-una-part-vital-per-les-persones-usuaries-dels-nostres-programes\/\" rel=\"bookmark\">Leer m\u00e1s &raquo;<span class=\"screen-reader-text\">L\u2019oci, una part vital per les persones usu\u00e0ries dels nostres programes<\/span><\/a><\/p>\n","protected":false},"author":3,"featured_media":3942,"comment_status":"closed","ping_status":"open","sticky":false,"template":"","format":"standard","meta":{"_eb_attr":"","neve_meta_sidebar":"","neve_meta_container":"","neve_meta_enable_content_width":"","neve_meta_content_width":0,"neve_meta_title_alignment":"","neve_meta_author_avatar":"","neve_post_elements_order":"","neve_meta_disable_header":"","neve_meta_disable_footer":"","neve_meta_disable_title":"","footnotes":""},"categories":[1],"tags":[],"class_list":["post-3940","post","type-post","status-publish","format-standard","has-post-thumbnail","hentry","category-sense-categoria"],"yoast_head":"<!-- This site is optimized with the Yoast SEO plugin v25.4 - https:\/\/yoast.com\/wordpress\/plugins\/seo\/ -->\n<title>L\u2019oci, una part vital per les persones usu\u00e0ries dels nostres programes - Iniciatives Solid\u00e0ries<\/title>\n<meta name=\"robots\" content=\"index, follow, max-snippet:-1, max-image-preview:large, max-video-preview:-1\" \/>\n<link rel=\"canonical\" href=\"https:\/\/www.iniciatives.org\/loci-una-part-vital-per-les-persones-usuaries-dels-nostres-programes\/\" \/>\n<meta property=\"og:locale\" content=\"es_ES\" \/>\n<meta property=\"og:type\" content=\"article\" \/>\n<meta property=\"og:title\" content=\"L\u2019oci, una part vital per les persones usu\u00e0ries dels nostres programes - Iniciatives Solid\u00e0ries\" \/>\n<meta property=\"og:description\" content=\"En aquest cas els hi ha tocat a l\u2019equip d\u2019Imex (Itineraris d\u2019Emancipaci\u00f3 d\u2019\u00c8xit), al programa de Refugiats i la Llar Victoria gaudir del partit de quarts de final del Futbol Club Barcelona femen\u00ed, gr\u00e0cies a les entrades facilitades per la Fundaci\u00f3 Futbol Club Barcelona. L\u2019experi\u00e8ncia va ser molt emocionant, especial i divertida pels joves, ja&hellip;&nbsp;Leer m\u00e1s &raquo;L\u2019oci, una part vital per les persones usu\u00e0ries dels nostres programes\" \/>\n<meta property=\"og:url\" content=\"https:\/\/www.iniciatives.org\/loci-una-part-vital-per-les-persones-usuaries-dels-nostres-programes\/\" \/>\n<meta property=\"og:site_name\" content=\"Iniciatives Solid\u00e0ries\" \/>\n<meta property=\"article:published_time\" content=\"2023-03-29T11:30:01+00:00\" \/>\n<meta property=\"article:modified_time\" content=\"2023-05-11T15:24:47+00:00\" \/>\n<meta property=\"og:image\" content=\"https:\/\/www.iniciatives.org\/wp-content\/uploads\/2023\/05\/WhatsApp-Image-2023-04-21-at-14.02.50-3.jpeg\" \/>\n\t<meta property=\"og:image:width\" content=\"891\" \/>\n\t<meta property=\"og:image:height\" content=\"768\" \/>\n\t<meta property=\"og:image:type\" content=\"image\/jpeg\" \/>\n<meta name=\"author\" content=\"marta\" \/>\n<meta name=\"twitter:card\" content=\"summary_large_image\" \/>\n<meta name=\"twitter:label1\" content=\"Escrito por\" \/>\n\t<meta name=\"twitter:data1\" content=\"marta\" \/>\n\t<meta name=\"twitter:label2\" content=\"Tiempo de lectura\" \/>\n\t<meta name=\"twitter:data2\" content=\"1 minuto\" \/>\n<script type=\"application\/ld+json\" class=\"yoast-schema-graph\">{\"@context\":\"https:\/\/schema.org\",\"@graph\":[{\"@type\":\"WebPage\",\"@id\":\"https:\/\/www.iniciatives.org\/loci-una-part-vital-per-les-persones-usuaries-dels-nostres-programes\/\",\"url\":\"https:\/\/www.iniciatives.org\/loci-una-part-vital-per-les-persones-usuaries-dels-nostres-programes\/\",\"name\":\"L\u2019oci, una part vital per les persones usu\u00e0ries dels nostres programes - Iniciatives Solid\u00e0ries\",\"isPartOf\":{\"@id\":\"https:\/\/www.iniciatives.org\/#website\"},\"primaryImageOfPage\":{\"@id\":\"https:\/\/www.iniciatives.org\/loci-una-part-vital-per-les-persones-usuaries-dels-nostres-programes\/#primaryimage\"},\"image\":{\"@id\":\"https:\/\/www.iniciatives.org\/loci-una-part-vital-per-les-persones-usuaries-dels-nostres-programes\/#primaryimage\"},\"thumbnailUrl\":\"https:\/\/www.iniciatives.org\/wp-content\/uploads\/2023\/05\/WhatsApp-Image-2023-04-21-at-14.02.50-3.jpeg\",\"datePublished\":\"2023-03-29T11:30:01+00:00\",\"dateModified\":\"2023-05-11T15:24:47+00:00\",\"author\":{\"@id\":\"https:\/\/www.iniciatives.org\/#\/schema\/person\/6b6b53abb46095f47a6b492083695855\"},\"breadcrumb\":{\"@id\":\"https:\/\/www.iniciatives.org\/loci-una-part-vital-per-les-persones-usuaries-dels-nostres-programes\/#breadcrumb\"},\"inLanguage\":\"es\",\"potentialAction\":[{\"@type\":\"ReadAction\",\"target\":[\"https:\/\/www.iniciatives.org\/loci-una-part-vital-per-les-persones-usuaries-dels-nostres-programes\/\"]}]},{\"@type\":\"ImageObject\",\"inLanguage\":\"es\",\"@id\":\"https:\/\/www.iniciatives.org\/loci-una-part-vital-per-les-persones-usuaries-dels-nostres-programes\/#primaryimage\",\"url\":\"https:\/\/www.iniciatives.org\/wp-content\/uploads\/2023\/05\/WhatsApp-Image-2023-04-21-at-14.02.50-3.jpeg\",\"contentUrl\":\"https:\/\/www.iniciatives.org\/wp-content\/uploads\/2023\/05\/WhatsApp-Image-2023-04-21-at-14.02.50-3.jpeg\",\"width\":891,\"height\":768},{\"@type\":\"BreadcrumbList\",\"@id\":\"https:\/\/www.iniciatives.org\/loci-una-part-vital-per-les-persones-usuaries-dels-nostres-programes\/#breadcrumb\",\"itemListElement\":[{\"@type\":\"ListItem\",\"position\":1,\"name\":\"Inici\",\"item\":\"https:\/\/www.iniciatives.org\/es\/\"},{\"@type\":\"ListItem\",\"position\":2,\"name\":\"L\u2019oci, una part vital per les persones usu\u00e0ries dels nostres programes\"}]},{\"@type\":\"WebSite\",\"@id\":\"https:\/\/www.iniciatives.org\/#website\",\"url\":\"https:\/\/www.iniciatives.org\/\",\"name\":\"Iniciatives Solid\u00e0ries\",\"description\":\"Iniciatives Solid\u00e0ries \u00e9s una ONG d\u2019acci\u00f3 social, acolliment i inserci\u00f3 social\",\"potentialAction\":[{\"@type\":\"SearchAction\",\"target\":{\"@type\":\"EntryPoint\",\"urlTemplate\":\"https:\/\/www.iniciatives.org\/?s={search_term_string}\"},\"query-input\":{\"@type\":\"PropertyValueSpecification\",\"valueRequired\":true,\"valueName\":\"search_term_string\"}}],\"inLanguage\":\"es\"},{\"@type\":\"Person\",\"@id\":\"https:\/\/www.iniciatives.org\/#\/schema\/person\/6b6b53abb46095f47a6b492083695855\",\"name\":\"marta\",\"image\":{\"@type\":\"ImageObject\",\"inLanguage\":\"es\",\"@id\":\"https:\/\/www.iniciatives.org\/#\/schema\/person\/image\/\",\"url\":\"https:\/\/secure.gravatar.com\/avatar\/a0c1939c897a5dff40c633421ff039f2ae4b3bb420c6db4a2f86e965bb90d93f?s=96&d=mm&r=g\",\"contentUrl\":\"https:\/\/secure.gravatar.com\/avatar\/a0c1939c897a5dff40c633421ff039f2ae4b3bb420c6db4a2f86e965bb90d93f?s=96&d=mm&r=g\",\"caption\":\"marta\"},\"url\":\"https:\/\/www.iniciatives.org\/es\/author\/marta\/\"}]}<\/script>\n<!-- \/ Yoast SEO plugin. -->","yoast_head_json":{"title":"L\u2019oci, una part vital per les persones usu\u00e0ries dels nostres programes - Iniciatives Solid\u00e0ries","robots":{"index":"index","follow":"follow","max-snippet":"max-snippet:-1","max-image-preview":"max-image-preview:large","max-video-preview":"max-video-preview:-1"},"canonical":"https:\/\/www.iniciatives.org\/loci-una-part-vital-per-les-persones-usuaries-dels-nostres-programes\/","og_locale":"es_ES","og_type":"article","og_title":"L\u2019oci, una part vital per les persones usu\u00e0ries dels nostres programes - Iniciatives Solid\u00e0ries","og_description":"En aquest cas els hi ha tocat a l\u2019equip d\u2019Imex (Itineraris d\u2019Emancipaci\u00f3 d\u2019\u00c8xit), al programa de Refugiats i la Llar Victoria gaudir del partit de quarts de final del Futbol Club Barcelona femen\u00ed, gr\u00e0cies a les entrades facilitades per la Fundaci\u00f3 Futbol Club Barcelona. L\u2019experi\u00e8ncia va ser molt emocionant, especial i divertida pels joves, ja&hellip;&nbsp;Leer m\u00e1s &raquo;L\u2019oci, una part vital per les persones usu\u00e0ries dels nostres programes","og_url":"https:\/\/www.iniciatives.org\/loci-una-part-vital-per-les-persones-usuaries-dels-nostres-programes\/","og_site_name":"Iniciatives Solid\u00e0ries","article_published_time":"2023-03-29T11:30:01+00:00","article_modified_time":"2023-05-11T15:24:47+00:00","og_image":[{"width":891,"height":768,"url":"https:\/\/www.iniciatives.org\/wp-content\/uploads\/2023\/05\/WhatsApp-Image-2023-04-21-at-14.02.50-3.jpeg","type":"image\/jpeg"}],"author":"marta","twitter_card":"summary_large_image","twitter_misc":{"Escrito por":"marta","Tiempo de lectura":"1 minuto"},"schema":{"@context":"https:\/\/schema.org","@graph":[{"@type":"WebPage","@id":"https:\/\/www.iniciatives.org\/loci-una-part-vital-per-les-persones-usuaries-dels-nostres-programes\/","url":"https:\/\/www.iniciatives.org\/loci-una-part-vital-per-les-persones-usuaries-dels-nostres-programes\/","name":"L\u2019oci, una part vital per les persones usu\u00e0ries dels nostres programes - Iniciatives Solid\u00e0ries","isPartOf":{"@id":"https:\/\/www.iniciatives.org\/#website"},"primaryImageOfPage":{"@id":"https:\/\/www.iniciatives.org\/loci-una-part-vital-per-les-persones-usuaries-dels-nostres-programes\/#primaryimage"},"image":{"@id":"https:\/\/www.iniciatives.org\/loci-una-part-vital-per-les-persones-usuaries-dels-nostres-programes\/#primaryimage"},"thumbnailUrl":"https:\/\/www.iniciatives.org\/wp-content\/uploads\/2023\/05\/WhatsApp-Image-2023-04-21-at-14.02.50-3.jpeg","datePublished":"2023-03-29T11:30:01+00:00","dateModified":"2023-05-11T15:24:47+00:00","author":{"@id":"https:\/\/www.iniciatives.org\/#\/schema\/person\/6b6b53abb46095f47a6b492083695855"},"breadcrumb":{"@id":"https:\/\/www.iniciatives.org\/loci-una-part-vital-per-les-persones-usuaries-dels-nostres-programes\/#breadcrumb"},"inLanguage":"es","potentialAction":[{"@type":"ReadAction","target":["https:\/\/www.iniciatives.org\/loci-una-part-vital-per-les-persones-usuaries-dels-nostres-programes\/"]}]},{"@type":"ImageObject","inLanguage":"es","@id":"https:\/\/www.iniciatives.org\/loci-una-part-vital-per-les-persones-usuaries-dels-nostres-programes\/#primaryimage","url":"https:\/\/www.iniciatives.org\/wp-content\/uploads\/2023\/05\/WhatsApp-Image-2023-04-21-at-14.02.50-3.jpeg","contentUrl":"https:\/\/www.iniciatives.org\/wp-content\/uploads\/2023\/05\/WhatsApp-Image-2023-04-21-at-14.02.50-3.jpeg","width":891,"height":768},{"@type":"BreadcrumbList","@id":"https:\/\/www.iniciatives.org\/loci-una-part-vital-per-les-persones-usuaries-dels-nostres-programes\/#breadcrumb","itemListElement":[{"@type":"ListItem","position":1,"name":"Inici","item":"https:\/\/www.iniciatives.org\/es\/"},{"@type":"ListItem","position":2,"name":"L\u2019oci, una part vital per les persones usu\u00e0ries dels nostres programes"}]},{"@type":"WebSite","@id":"https:\/\/www.iniciatives.org\/#website","url":"https:\/\/www.iniciatives.org\/","name":"Iniciatives Solid\u00e0ries","description":"Iniciatives Solid\u00e0ries \u00e9s una ONG d\u2019acci\u00f3 social, acolliment i inserci\u00f3 social","potentialAction":[{"@type":"SearchAction","target":{"@type":"EntryPoint","urlTemplate":"https:\/\/www.iniciatives.org\/?s={search_term_string}"},"query-input":{"@type":"PropertyValueSpecification","valueRequired":true,"valueName":"search_term_string"}}],"inLanguage":"es"},{"@type":"Person","@id":"https:\/\/www.iniciatives.org\/#\/schema\/person\/6b6b53abb46095f47a6b492083695855","name":"marta","image":{"@type":"ImageObject","inLanguage":"es","@id":"https:\/\/www.iniciatives.org\/#\/schema\/person\/image\/","url":"https:\/\/secure.gravatar.com\/avatar\/a0c1939c897a5dff40c633421ff039f2ae4b3bb420c6db4a2f86e965bb90d93f?s=96&d=mm&r=g","contentUrl":"https:\/\/secure.gravatar.com\/avatar\/a0c1939c897a5dff40c633421ff039f2ae4b3bb420c6db4a2f86e965bb90d93f?s=96&d=mm&r=g","caption":"marta"},"url":"https:\/\/www.iniciatives.org\/es\/author\/marta\/"}]}},"_links":{"self":[{"href":"https:\/\/www.iniciatives.org\/es\/wp-json\/wp\/v2\/posts\/3940","targetHints":{"allow":["GET"]}}],"collection":[{"href":"https:\/\/www.iniciatives.org\/es\/wp-json\/wp\/v2\/posts"}],"about":[{"href":"https:\/\/www.iniciatives.org\/es\/wp-json\/wp\/v2\/types\/post"}],"author":[{"embeddable":true,"href":"https:\/\/www.iniciatives.org\/es\/wp-json\/wp\/v2\/users\/3"}],"replies":[{"embeddable":true,"href":"https:\/\/www.iniciatives.org\/es\/wp-json\/wp\/v2\/comments?post=3940"}],"version-history":[{"count":2,"href":"https:\/\/www.iniciatives.org\/es\/wp-json\/wp\/v2\/posts\/3940\/revisions"}],"predecessor-version":[{"id":3976,"href":"https:\/\/www.iniciatives.org\/es\/wp-json\/wp\/v2\/posts\/3940\/revisions\/3976"}],"wp:featuredmedia":[{"embeddable":true,"href":"https:\/\/www.iniciatives.org\/es\/wp-json\/wp\/v2\/media\/3942"}],"wp:attachment":[{"href":"https:\/\/www.iniciatives.org\/es\/wp-json\/wp\/v2\/media?parent=3940"}],"wp:term":[{"taxonomy":"category","embeddable":true,"href":"https:\/\/www.iniciatives.org\/es\/wp-json\/wp\/v2\/categories?post=3940"},{"taxonomy":"post_tag","embeddable":true,"href":"https:\/\/www.iniciatives.org\/es\/wp-json\/wp\/v2\/tags?post=3940"}],"curies":[{"name":"wp","href":"https:\/\/api.w.org\/{rel}","templated":true}]}}