

{"id":4472,"date":"2023-12-04T11:00:00","date_gmt":"2023-12-04T11:00:00","guid":{"rendered":"https:\/\/www.iniciatives.org\/?p=4472"},"modified":"2024-04-18T14:52:17","modified_gmt":"2024-04-18T14:52:17","slug":"mes-de-diciembre-en-iniciatives-con-la-llar-muntanyeta-y-la-llar-costabona","status":"publish","type":"post","link":"https:\/\/www.iniciatives.org\/es\/mes-de-diciembre-en-iniciatives-con-la-llar-muntanyeta-y-la-llar-costabona\/","title":{"rendered":"Mes de Diciembre en Iniciatives con la Llar Muntanyeta y la Llar Costabona"},"content":{"rendered":"\n<p>Este mes de diciembre est\u00e1 lleno de actividades, sobre todo de Navidad, puesto que son fechas importantes para todo el mundo, tanto para nosotros como entidad como para nuestros usuarios y usuarias de centros y llars.<\/p>\n\n\n\n<p>El primer fin de semana de este mes, las usuarias de la Llar la&nbsp;Muntanyeta, llar situada en Castelldefels \u00fanicamente para chicas de 16 a 18 a\u00f1os, han inaugurado el calendario de adviento casero lleno de actividades y detalles para as\u00ed hacer m\u00e1s corto y divertido este mes de diciembre. Entre las actividades que hab\u00eda en el calendario hicieron pintura de lienzos, figuras de arcilla y una salida a una feria artesanal, donde disfrutaron de lo m\u00e1s!<\/p>\n\n\n\n<p>Otra actividad que hicieron las usuarias de la Llar la&nbsp;Muntanyeta&nbsp;fue poner el \u00e1rbol de Navidad, pero no os pens\u00e9is que es el t\u00edpico de color verde y nieve artificial, si no es uno de muy original, creado con guirnaldas de color dorado con adornos de colores, colgadas sobre una estructura de madera en forma de \u00e1rbol. Est\u00e1n hechas unas artistas!<\/p>\n\n\n\n<p>Tambi\u00e9n incluyeron en esta decoraci\u00f3n de Navidad, un elemento t\u00edpico de la cultura catalana, como es lo&nbsp;Ti\u00f3, un tronco de madera con cara y ojos al cual se le da de comer para despu\u00e9s darle \u00abpalos\u00bb y as\u00ed cague muchos regalos el d\u00eda de Navidad.<\/p>\n\n\n\n<div class=\"wp-block-image\"><figure class=\"aligncenter size-large is-resized\"><img loading=\"lazy\" decoding=\"async\" src=\"https:\/\/www.iniciatives.org\/wp-content\/uploads\/2024\/03\/post-instagram-Collage-verano-minimalista-beige-1-1024x1024.png\" alt=\"\" class=\"wp-image-4449\" width=\"374\" height=\"374\" srcset=\"https:\/\/www.iniciatives.org\/wp-content\/uploads\/2024\/03\/post-instagram-Collage-verano-minimalista-beige-1-1024x1024.png 1024w, https:\/\/www.iniciatives.org\/wp-content\/uploads\/2024\/03\/post-instagram-Collage-verano-minimalista-beige-1-800x800.png 800w, https:\/\/www.iniciatives.org\/wp-content\/uploads\/2024\/03\/post-instagram-Collage-verano-minimalista-beige-1-768x768.png 768w, https:\/\/www.iniciatives.org\/wp-content\/uploads\/2024\/03\/post-instagram-Collage-verano-minimalista-beige-1.png 1080w\" sizes=\"auto, (max-width: 374px) 100vw, 374px\" \/><\/figure><\/div>\n\n\n\n<p><br>La Llar&nbsp;Costabona&nbsp;tambi\u00e9n ha disfrutado de diferentes actividades este mes. Una de ellas ha estado hacer una&nbsp;din\u00e1mica&nbsp;grupal de reflexi\u00f3n. Aprovechando que ya se acaba el a\u00f1o los usuarios han propuesto hacer objetivos a corto y largo plazo individuales, para que los j\u00f3venes se&nbsp;propongan&nbsp;metas claras, y como grupo, mejorar la din\u00e1mica dentro de la llar. Ha sido un espacio y tiempo de reflexi\u00f3n para hablar sobre su futuro m\u00e1s pr\u00f3ximo. En general una experiencia muy enriquecedora!<\/p>\n\n\n\n<p>La siguiente actividad, fue la de decorar el centro con un \u00e1rbol de Navidad simb\u00f3lico hecho por los j\u00f3venes con fotos de ellos durante este a\u00f1o, incluyendo tanto actividades organizadas desde el centro, como otras entidades y tambi\u00e9n de su tiempo libre. La actividad ha servido para acercar algo m\u00e1s a los j\u00f3venes en esta \u00e9poca del a\u00f1o y fomentar la cohesi\u00f3n de grupo en la llar.<\/p>\n\n\n\n<p>Por \u00faltimo, los j\u00f3venes participaron en la fiesta del encendido de luces del \u00e1rbol de navidad de Sabadell i prepararon t\u00e9 para dar a conocer su cultura a los vecinos y vecinas de la ciudad.<\/p>\n\n\n\n<div class=\"wp-block-image\"><figure class=\"aligncenter size-large is-resized\"><img loading=\"lazy\" decoding=\"async\" src=\"https:\/\/www.iniciatives.org\/wp-content\/uploads\/2024\/04\/Cat-Before-Coffee-After-Coffee-Two-Photos-And-Text-Meme-1024x576.png\" alt=\"\" class=\"wp-image-4742\" width=\"640\" height=\"359\" srcset=\"https:\/\/www.iniciatives.org\/wp-content\/uploads\/2024\/04\/Cat-Before-Coffee-After-Coffee-Two-Photos-And-Text-Meme-1024x576.png 1024w, https:\/\/www.iniciatives.org\/wp-content\/uploads\/2024\/04\/Cat-Before-Coffee-After-Coffee-Two-Photos-And-Text-Meme-300x169.png 300w, https:\/\/www.iniciatives.org\/wp-content\/uploads\/2024\/04\/Cat-Before-Coffee-After-Coffee-Two-Photos-And-Text-Meme-768x432.png 768w, https:\/\/www.iniciatives.org\/wp-content\/uploads\/2024\/04\/Cat-Before-Coffee-After-Coffee-Two-Photos-And-Text-Meme-1536x864.png 1536w, https:\/\/www.iniciatives.org\/wp-content\/uploads\/2024\/04\/Cat-Before-Coffee-After-Coffee-Two-Photos-And-Text-Meme.png 1600w\" sizes=\"auto, (max-width: 640px) 100vw, 640px\" \/><\/figure><\/div>\n","protected":false},"excerpt":{"rendered":"<p>Este mes de diciembre est\u00e1 lleno de actividades, sobre todo de Navidad, puesto que son fechas importantes para todo el mundo, tanto para nosotros como entidad como para nuestros usuarios y usuarias de centros y llars. El primer fin de semana de este mes, las usuarias de la Llar la&nbsp;Muntanyeta, llar situada en Castelldefels \u00fanicamente&hellip;&nbsp;<a href=\"https:\/\/www.iniciatives.org\/es\/mes-de-diciembre-en-iniciatives-con-la-llar-muntanyeta-y-la-llar-costabona\/\" rel=\"bookmark\">Leer m\u00e1s &raquo;<span class=\"screen-reader-text\">Mes de Diciembre en Iniciatives con la Llar Muntanyeta y la Llar Costabona<\/span><\/a><\/p>\n","protected":false},"author":3,"featured_media":4740,"comment_status":"closed","ping_status":"open","sticky":false,"template":"","format":"standard","meta":{"_eb_attr":"","neve_meta_sidebar":"","neve_meta_container":"","neve_meta_enable_content_width":"","neve_meta_content_width":0,"neve_meta_title_alignment":"","neve_meta_author_avatar":"","neve_post_elements_order":"","neve_meta_disable_header":"","neve_meta_disable_footer":"","neve_meta_disable_title":"","footnotes":""},"categories":[15],"tags":[],"class_list":["post-4472","post","type-post","status-publish","format-standard","has-post-thumbnail","hentry","category-sin-categorizar"],"yoast_head":"<!-- This site is optimized with the Yoast SEO plugin v25.4 - https:\/\/yoast.com\/wordpress\/plugins\/seo\/ -->\n<title>Mes de Diciembre en Iniciatives con la Llar Muntanyeta y la Llar Costabona - Iniciatives Solid\u00e0ries<\/title>\n<meta name=\"robots\" content=\"index, follow, max-snippet:-1, max-image-preview:large, max-video-preview:-1\" \/>\n<link rel=\"canonical\" href=\"https:\/\/www.iniciatives.org\/es\/mes-de-diciembre-en-iniciatives-con-la-llar-muntanyeta-y-la-llar-costabona\/\" \/>\n<meta property=\"og:locale\" content=\"es_ES\" \/>\n<meta property=\"og:type\" content=\"article\" \/>\n<meta property=\"og:title\" content=\"Mes de Diciembre en Iniciatives con la Llar Muntanyeta y la Llar Costabona - Iniciatives Solid\u00e0ries\" \/>\n<meta property=\"og:description\" content=\"Este mes de diciembre est\u00e1 lleno de actividades, sobre todo de Navidad, puesto que son fechas importantes para todo el mundo, tanto para nosotros como entidad como para nuestros usuarios y usuarias de centros y llars. El primer fin de semana de este mes, las usuarias de la Llar la&nbsp;Muntanyeta, llar situada en Castelldefels \u00fanicamente&hellip;&nbsp;Leer m\u00e1s &raquo;Mes de Diciembre en Iniciatives con la Llar Muntanyeta y la Llar Costabona\" \/>\n<meta property=\"og:url\" content=\"https:\/\/www.iniciatives.org\/es\/mes-de-diciembre-en-iniciatives-con-la-llar-muntanyeta-y-la-llar-costabona\/\" \/>\n<meta property=\"og:site_name\" content=\"Iniciatives Solid\u00e0ries\" \/>\n<meta property=\"article:published_time\" content=\"2023-12-04T11:00:00+00:00\" \/>\n<meta property=\"article:modified_time\" content=\"2024-04-18T14:52:17+00:00\" \/>\n<meta property=\"og:image\" content=\"https:\/\/www.iniciatives.org\/wp-content\/uploads\/2023\/12\/LOGO-IS-NAVIDAD-2.png\" \/>\n\t<meta property=\"og:image:width\" content=\"559\" \/>\n\t<meta property=\"og:image:height\" content=\"405\" \/>\n\t<meta property=\"og:image:type\" content=\"image\/png\" \/>\n<meta name=\"author\" content=\"marta\" \/>\n<meta name=\"twitter:card\" content=\"summary_large_image\" \/>\n<meta name=\"twitter:label1\" content=\"Escrito por\" \/>\n\t<meta name=\"twitter:data1\" content=\"marta\" \/>\n\t<meta name=\"twitter:label2\" content=\"Tiempo de lectura\" \/>\n\t<meta name=\"twitter:data2\" content=\"2 minutos\" \/>\n<script type=\"application\/ld+json\" class=\"yoast-schema-graph\">{\"@context\":\"https:\/\/schema.org\",\"@graph\":[{\"@type\":\"WebPage\",\"@id\":\"https:\/\/www.iniciatives.org\/es\/mes-de-diciembre-en-iniciatives-con-la-llar-muntanyeta-y-la-llar-costabona\/\",\"url\":\"https:\/\/www.iniciatives.org\/es\/mes-de-diciembre-en-iniciatives-con-la-llar-muntanyeta-y-la-llar-costabona\/\",\"name\":\"Mes de Diciembre en Iniciatives con la Llar Muntanyeta y la Llar Costabona - Iniciatives Solid\u00e0ries\",\"isPartOf\":{\"@id\":\"https:\/\/www.iniciatives.org\/#website\"},\"primaryImageOfPage\":{\"@id\":\"https:\/\/www.iniciatives.org\/es\/mes-de-diciembre-en-iniciatives-con-la-llar-muntanyeta-y-la-llar-costabona\/#primaryimage\"},\"image\":{\"@id\":\"https:\/\/www.iniciatives.org\/es\/mes-de-diciembre-en-iniciatives-con-la-llar-muntanyeta-y-la-llar-costabona\/#primaryimage\"},\"thumbnailUrl\":\"https:\/\/www.iniciatives.org\/wp-content\/uploads\/2023\/12\/LOGO-IS-NAVIDAD-2.png\",\"datePublished\":\"2023-12-04T11:00:00+00:00\",\"dateModified\":\"2024-04-18T14:52:17+00:00\",\"author\":{\"@id\":\"https:\/\/www.iniciatives.org\/#\/schema\/person\/6b6b53abb46095f47a6b492083695855\"},\"breadcrumb\":{\"@id\":\"https:\/\/www.iniciatives.org\/es\/mes-de-diciembre-en-iniciatives-con-la-llar-muntanyeta-y-la-llar-costabona\/#breadcrumb\"},\"inLanguage\":\"es\",\"potentialAction\":[{\"@type\":\"ReadAction\",\"target\":[\"https:\/\/www.iniciatives.org\/es\/mes-de-diciembre-en-iniciatives-con-la-llar-muntanyeta-y-la-llar-costabona\/\"]}]},{\"@type\":\"ImageObject\",\"inLanguage\":\"es\",\"@id\":\"https:\/\/www.iniciatives.org\/es\/mes-de-diciembre-en-iniciatives-con-la-llar-muntanyeta-y-la-llar-costabona\/#primaryimage\",\"url\":\"https:\/\/www.iniciatives.org\/wp-content\/uploads\/2023\/12\/LOGO-IS-NAVIDAD-2.png\",\"contentUrl\":\"https:\/\/www.iniciatives.org\/wp-content\/uploads\/2023\/12\/LOGO-IS-NAVIDAD-2.png\",\"width\":559,\"height\":405},{\"@type\":\"BreadcrumbList\",\"@id\":\"https:\/\/www.iniciatives.org\/es\/mes-de-diciembre-en-iniciatives-con-la-llar-muntanyeta-y-la-llar-costabona\/#breadcrumb\",\"itemListElement\":[{\"@type\":\"ListItem\",\"position\":1,\"name\":\"Inici\",\"item\":\"https:\/\/www.iniciatives.org\/es\/\"},{\"@type\":\"ListItem\",\"position\":2,\"name\":\"Mes de Diciembre en Iniciatives con la Llar Muntanyeta y la Llar Costabona\"}]},{\"@type\":\"WebSite\",\"@id\":\"https:\/\/www.iniciatives.org\/#website\",\"url\":\"https:\/\/www.iniciatives.org\/\",\"name\":\"Iniciatives Solid\u00e0ries\",\"description\":\"Iniciatives Solid\u00e0ries \u00e9s una ONG d\u2019acci\u00f3 social, acolliment i inserci\u00f3 social\",\"potentialAction\":[{\"@type\":\"SearchAction\",\"target\":{\"@type\":\"EntryPoint\",\"urlTemplate\":\"https:\/\/www.iniciatives.org\/?s={search_term_string}\"},\"query-input\":{\"@type\":\"PropertyValueSpecification\",\"valueRequired\":true,\"valueName\":\"search_term_string\"}}],\"inLanguage\":\"es\"},{\"@type\":\"Person\",\"@id\":\"https:\/\/www.iniciatives.org\/#\/schema\/person\/6b6b53abb46095f47a6b492083695855\",\"name\":\"marta\",\"image\":{\"@type\":\"ImageObject\",\"inLanguage\":\"es\",\"@id\":\"https:\/\/www.iniciatives.org\/#\/schema\/person\/image\/\",\"url\":\"https:\/\/secure.gravatar.com\/avatar\/a0c1939c897a5dff40c633421ff039f2ae4b3bb420c6db4a2f86e965bb90d93f?s=96&d=mm&r=g\",\"contentUrl\":\"https:\/\/secure.gravatar.com\/avatar\/a0c1939c897a5dff40c633421ff039f2ae4b3bb420c6db4a2f86e965bb90d93f?s=96&d=mm&r=g\",\"caption\":\"marta\"},\"url\":\"https:\/\/www.iniciatives.org\/es\/author\/marta\/\"}]}<\/script>\n<!-- \/ Yoast SEO plugin. -->","yoast_head_json":{"title":"Mes de Diciembre en Iniciatives con la Llar Muntanyeta y la Llar Costabona - Iniciatives Solid\u00e0ries","robots":{"index":"index","follow":"follow","max-snippet":"max-snippet:-1","max-image-preview":"max-image-preview:large","max-video-preview":"max-video-preview:-1"},"canonical":"https:\/\/www.iniciatives.org\/es\/mes-de-diciembre-en-iniciatives-con-la-llar-muntanyeta-y-la-llar-costabona\/","og_locale":"es_ES","og_type":"article","og_title":"Mes de Diciembre en Iniciatives con la Llar Muntanyeta y la Llar Costabona - Iniciatives Solid\u00e0ries","og_description":"Este mes de diciembre est\u00e1 lleno de actividades, sobre todo de Navidad, puesto que son fechas importantes para todo el mundo, tanto para nosotros como entidad como para nuestros usuarios y usuarias de centros y llars. El primer fin de semana de este mes, las usuarias de la Llar la&nbsp;Muntanyeta, llar situada en Castelldefels \u00fanicamente&hellip;&nbsp;Leer m\u00e1s &raquo;Mes de Diciembre en Iniciatives con la Llar Muntanyeta y la Llar Costabona","og_url":"https:\/\/www.iniciatives.org\/es\/mes-de-diciembre-en-iniciatives-con-la-llar-muntanyeta-y-la-llar-costabona\/","og_site_name":"Iniciatives Solid\u00e0ries","article_published_time":"2023-12-04T11:00:00+00:00","article_modified_time":"2024-04-18T14:52:17+00:00","og_image":[{"width":559,"height":405,"url":"https:\/\/www.iniciatives.org\/wp-content\/uploads\/2023\/12\/LOGO-IS-NAVIDAD-2.png","type":"image\/png"}],"author":"marta","twitter_card":"summary_large_image","twitter_misc":{"Escrito por":"marta","Tiempo de lectura":"2 minutos"},"schema":{"@context":"https:\/\/schema.org","@graph":[{"@type":"WebPage","@id":"https:\/\/www.iniciatives.org\/es\/mes-de-diciembre-en-iniciatives-con-la-llar-muntanyeta-y-la-llar-costabona\/","url":"https:\/\/www.iniciatives.org\/es\/mes-de-diciembre-en-iniciatives-con-la-llar-muntanyeta-y-la-llar-costabona\/","name":"Mes de Diciembre en Iniciatives con la Llar Muntanyeta y la Llar Costabona - Iniciatives Solid\u00e0ries","isPartOf":{"@id":"https:\/\/www.iniciatives.org\/#website"},"primaryImageOfPage":{"@id":"https:\/\/www.iniciatives.org\/es\/mes-de-diciembre-en-iniciatives-con-la-llar-muntanyeta-y-la-llar-costabona\/#primaryimage"},"image":{"@id":"https:\/\/www.iniciatives.org\/es\/mes-de-diciembre-en-iniciatives-con-la-llar-muntanyeta-y-la-llar-costabona\/#primaryimage"},"thumbnailUrl":"https:\/\/www.iniciatives.org\/wp-content\/uploads\/2023\/12\/LOGO-IS-NAVIDAD-2.png","datePublished":"2023-12-04T11:00:00+00:00","dateModified":"2024-04-18T14:52:17+00:00","author":{"@id":"https:\/\/www.iniciatives.org\/#\/schema\/person\/6b6b53abb46095f47a6b492083695855"},"breadcrumb":{"@id":"https:\/\/www.iniciatives.org\/es\/mes-de-diciembre-en-iniciatives-con-la-llar-muntanyeta-y-la-llar-costabona\/#breadcrumb"},"inLanguage":"es","potentialAction":[{"@type":"ReadAction","target":["https:\/\/www.iniciatives.org\/es\/mes-de-diciembre-en-iniciatives-con-la-llar-muntanyeta-y-la-llar-costabona\/"]}]},{"@type":"ImageObject","inLanguage":"es","@id":"https:\/\/www.iniciatives.org\/es\/mes-de-diciembre-en-iniciatives-con-la-llar-muntanyeta-y-la-llar-costabona\/#primaryimage","url":"https:\/\/www.iniciatives.org\/wp-content\/uploads\/2023\/12\/LOGO-IS-NAVIDAD-2.png","contentUrl":"https:\/\/www.iniciatives.org\/wp-content\/uploads\/2023\/12\/LOGO-IS-NAVIDAD-2.png","width":559,"height":405},{"@type":"BreadcrumbList","@id":"https:\/\/www.iniciatives.org\/es\/mes-de-diciembre-en-iniciatives-con-la-llar-muntanyeta-y-la-llar-costabona\/#breadcrumb","itemListElement":[{"@type":"ListItem","position":1,"name":"Inici","item":"https:\/\/www.iniciatives.org\/es\/"},{"@type":"ListItem","position":2,"name":"Mes de Diciembre en Iniciatives con la Llar Muntanyeta y la Llar Costabona"}]},{"@type":"WebSite","@id":"https:\/\/www.iniciatives.org\/#website","url":"https:\/\/www.iniciatives.org\/","name":"Iniciatives Solid\u00e0ries","description":"Iniciatives Solid\u00e0ries \u00e9s una ONG d\u2019acci\u00f3 social, acolliment i inserci\u00f3 social","potentialAction":[{"@type":"SearchAction","target":{"@type":"EntryPoint","urlTemplate":"https:\/\/www.iniciatives.org\/?s={search_term_string}"},"query-input":{"@type":"PropertyValueSpecification","valueRequired":true,"valueName":"search_term_string"}}],"inLanguage":"es"},{"@type":"Person","@id":"https:\/\/www.iniciatives.org\/#\/schema\/person\/6b6b53abb46095f47a6b492083695855","name":"marta","image":{"@type":"ImageObject","inLanguage":"es","@id":"https:\/\/www.iniciatives.org\/#\/schema\/person\/image\/","url":"https:\/\/secure.gravatar.com\/avatar\/a0c1939c897a5dff40c633421ff039f2ae4b3bb420c6db4a2f86e965bb90d93f?s=96&d=mm&r=g","contentUrl":"https:\/\/secure.gravatar.com\/avatar\/a0c1939c897a5dff40c633421ff039f2ae4b3bb420c6db4a2f86e965bb90d93f?s=96&d=mm&r=g","caption":"marta"},"url":"https:\/\/www.iniciatives.org\/es\/author\/marta\/"}]}},"_links":{"self":[{"href":"https:\/\/www.iniciatives.org\/es\/wp-json\/wp\/v2\/posts\/4472","targetHints":{"allow":["GET"]}}],"collection":[{"href":"https:\/\/www.iniciatives.org\/es\/wp-json\/wp\/v2\/posts"}],"about":[{"href":"https:\/\/www.iniciatives.org\/es\/wp-json\/wp\/v2\/types\/post"}],"author":[{"embeddable":true,"href":"https:\/\/www.iniciatives.org\/es\/wp-json\/wp\/v2\/users\/3"}],"replies":[{"embeddable":true,"href":"https:\/\/www.iniciatives.org\/es\/wp-json\/wp\/v2\/comments?post=4472"}],"version-history":[{"count":5,"href":"https:\/\/www.iniciatives.org\/es\/wp-json\/wp\/v2\/posts\/4472\/revisions"}],"predecessor-version":[{"id":4749,"href":"https:\/\/www.iniciatives.org\/es\/wp-json\/wp\/v2\/posts\/4472\/revisions\/4749"}],"wp:featuredmedia":[{"embeddable":true,"href":"https:\/\/www.iniciatives.org\/es\/wp-json\/wp\/v2\/media\/4740"}],"wp:attachment":[{"href":"https:\/\/www.iniciatives.org\/es\/wp-json\/wp\/v2\/media?parent=4472"}],"wp:term":[{"taxonomy":"category","embeddable":true,"href":"https:\/\/www.iniciatives.org\/es\/wp-json\/wp\/v2\/categories?post=4472"},{"taxonomy":"post_tag","embeddable":true,"href":"https:\/\/www.iniciatives.org\/es\/wp-json\/wp\/v2\/tags?post=4472"}],"curies":[{"name":"wp","href":"https:\/\/api.w.org\/{rel}","templated":true}]}}