

{"id":5538,"date":"2024-12-30T12:16:00","date_gmt":"2024-12-30T11:16:00","guid":{"rendered":"https:\/\/www.iniciatives.org\/celebracions-de-nadal-encesa-de-llums-a-la-llar-costabona-decoracio-de-llarscat-i-festes-dhivern-a-la-llar-el-pineto\/"},"modified":"2025-06-02T12:58:20","modified_gmt":"2025-06-02T10:58:20","slug":"celebracions-de-nadal-encesa-de-llums-a-la-llar-costabona-decoracio-de-llarscat-i-festes-dhivern-a-la-llar-el-pineto","status":"publish","type":"post","link":"https:\/\/www.iniciatives.org\/es\/celebracions-de-nadal-encesa-de-llums-a-la-llar-costabona-decoracio-de-llarscat-i-festes-dhivern-a-la-llar-el-pineto\/","title":{"rendered":"Celebraciones de Navidad: Encendido de luces en la Llar\u00a0Costabona, decoraci\u00f3n de\u00a0LlarsCAT\u00a0y fiestas de invierno en la Llar El Pinet\u00f3"},"content":{"rendered":"\n<p>Los j\u00f3venes de la Llar Costabona han participado en el encendido de luces del \u00e1rbol de navidad donde est\u00e1 ubicada la Llar, el barrio Covadonga, a Sabadell. Han compartido un tiempo valioso con los vecinos, que permiti\u00f3 enlazar v\u00ednculos y dar a conocer nuestro servicio y nuestra entidad.<\/p>\n\n\n\n<p>Para combatir el fr\u00edo, los j\u00f3venes prepararon un t\u00e9 marroqu\u00ed delicioso, que la comunidad acept\u00f3 con mucho gusto mientras disfrutaban del encendido de luces y de la peque\u00f1a fiesta que hab\u00eda montada, con m\u00fasica y bailes. Aparte de las luces que colgaban del \u00e1rbol, tambi\u00e9n hab\u00eda las decoraciones que los j\u00f3venes hicieron en el centro.<\/p>\n\n\n\n<p>Vecinos, educadores y los j\u00f3venes pasaron un rato de ocio diferente, haciendo pi\u00f1a!<\/p>\n\n\n\n<p><\/p>\n\n\n<div class=\"wp-block-image\">\n<figure class=\"aligncenter size-full is-resized\"><img loading=\"lazy\" decoding=\"async\" width=\"940\" height=\"788\" src=\"https:\/\/www.iniciatives.org\/wp-content\/uploads\/2025\/06\/COLLAGE-COSTABONA.jpeg\" alt=\"\" class=\"wp-image-5422\" style=\"width:427px;height:auto\" srcset=\"https:\/\/www.iniciatives.org\/wp-content\/uploads\/2025\/06\/COLLAGE-COSTABONA.jpeg 940w, https:\/\/www.iniciatives.org\/wp-content\/uploads\/2025\/06\/COLLAGE-COSTABONA-800x671.jpeg 800w, https:\/\/www.iniciatives.org\/wp-content\/uploads\/2025\/06\/COLLAGE-COSTABONA-768x644.jpeg 768w\" sizes=\"auto, (max-width: 940px) 100vw, 940px\" \/><\/figure><\/div>\n\n\n<p><\/p>\n\n\n\n<p>La actividad de Navidad que han hecho desde LlarsCAT ha sido parecida a la de la Llar Costabona, y es que tambi\u00e9n han decorado los \u00e1rboles de Navidad de los diferentes pisos. Para la decoraci\u00f3n han utilizado diferentes accesorios, entre ellos algunos hechos a mano por los mismos usuarios!<\/p>\n\n\n\n<p>Han aprovechado para hablar de la Navidad, de las costumbres y tradiciones, y de la comida t\u00edpica de estas fechas, como es el caldo de \u00abgalets\u00bb, los canelones, los turrones y \u00ables neulas\u00bb. Los j\u00f3venes se han mostrado muy interesados y han podido compartir un rato para promover la cohesi\u00f3n entre los residentes y el equipo educativo.<\/p>\n\n\n\n<div class=\"wp-block-group is-content-justification-center is-nowrap is-layout-flex wp-container-core-group-is-layout-94bc23d7 wp-block-group-is-layout-flex\">\n<figure class=\"wp-block-image size-full is-resized\"><img loading=\"lazy\" decoding=\"async\" width=\"768\" height=\"1024\" src=\"https:\/\/www.iniciatives.org\/wp-content\/uploads\/2025\/06\/LLARSCAT3-768x1024-1.jpg\" alt=\"\" class=\"wp-image-5424\" style=\"width:335px;height:auto\" srcset=\"https:\/\/www.iniciatives.org\/wp-content\/uploads\/2025\/06\/LLARSCAT3-768x1024-1.jpg 768w, https:\/\/www.iniciatives.org\/wp-content\/uploads\/2025\/06\/LLARSCAT3-768x1024-1-600x800.jpg 600w\" sizes=\"auto, (max-width: 768px) 100vw, 768px\" \/><\/figure>\n\n\n\n<figure class=\"wp-block-image size-large is-resized\"><img loading=\"lazy\" decoding=\"async\" width=\"762\" height=\"1200\" src=\"https:\/\/www.iniciatives.org\/wp-content\/uploads\/2025\/06\/LLARSCAT-6-768x1210-1-762x1200.jpg\" alt=\"\" class=\"wp-image-5426\" style=\"width:286px;height:auto\" srcset=\"https:\/\/www.iniciatives.org\/wp-content\/uploads\/2025\/06\/LLARSCAT-6-768x1210-1-762x1200.jpg 762w, https:\/\/www.iniciatives.org\/wp-content\/uploads\/2025\/06\/LLARSCAT-6-768x1210-1-508x800.jpg 508w, https:\/\/www.iniciatives.org\/wp-content\/uploads\/2025\/06\/LLARSCAT-6-768x1210-1.jpg 768w\" sizes=\"auto, (max-width: 762px) 100vw, 762px\" \/><\/figure>\n<\/div>\n\n\n\n<p>Otro centro que tambi\u00e9n ha vivido estas fechas, ha sido l&#8217;SPAAI\u00a0El\u00a0Pinet\u00f3, que han celebrado las Fiestas de Invierno con una actividad especial que consisti\u00f3 en la decoraci\u00f3n de la casa y el montaje de un \u00e1rbol de Navidad poca convencional. Este a\u00f1o, en lugar de un \u00e1rbol tradicional, los participantes crearon una versi\u00f3n original y creativa, donde cada detalle reflej\u00f3 su estilo e imaginaci\u00f3n.<br><br>Durante esta actividad, se trabaj\u00f3 en diferentes aspectos: la creatividad, el trabajo en equipo y la capacidad de seguir instrucciones. Los j\u00f3venes colaboraron juntos para conseguir un resultado com\u00fan, respetando las indicaciones y aportando sus ideas. Fue una oportunidad para que cada uno expresara su originalidad, compartiendo momentos de diversi\u00f3n y aprendizaje conjunto.<br><br>La jornada fue un \u00e9xito, con mucho \u00e1nimo y ganas de disfrutar de las fiestas de invierno, a la vez que se fomentaba el sentimiento de comunidad y cooperaci\u00f3n. El resultado final fue un \u00e1rbol \u00fanico que ilumin\u00f3 el centro, dejando una imprenta de esp\u00edritu festivo y alegr\u00eda para todos.<\/p>\n\n\n<div class=\"wp-block-image\">\n<figure class=\"aligncenter size-full is-resized\"><img loading=\"lazy\" decoding=\"async\" width=\"536\" height=\"1024\" src=\"https:\/\/www.iniciatives.org\/wp-content\/uploads\/2025\/06\/PINETO4-536x1024-1.jpg\" alt=\"\" class=\"wp-image-5428\" style=\"width:252px;height:auto\" srcset=\"https:\/\/www.iniciatives.org\/wp-content\/uploads\/2025\/06\/PINETO4-536x1024-1.jpg 536w, https:\/\/www.iniciatives.org\/wp-content\/uploads\/2025\/06\/PINETO4-536x1024-1-419x800.jpg 419w\" sizes=\"auto, (max-width: 536px) 100vw, 536px\" \/><\/figure><\/div>","protected":false},"excerpt":{"rendered":"<p>Los j\u00f3venes de la Llar Costabona han participado en el encendido de luces del \u00e1rbol de navidad donde est\u00e1 ubicada la Llar, el barrio Covadonga, a Sabadell. Han compartido un tiempo valioso con los vecinos, que permiti\u00f3 enlazar v\u00ednculos y dar a conocer nuestro servicio y nuestra entidad. Para combatir el fr\u00edo, los j\u00f3venes prepararon&hellip;&nbsp;<a href=\"https:\/\/www.iniciatives.org\/es\/celebracions-de-nadal-encesa-de-llums-a-la-llar-costabona-decoracio-de-llarscat-i-festes-dhivern-a-la-llar-el-pineto\/\" rel=\"bookmark\">Leer m\u00e1s &raquo;<span class=\"screen-reader-text\">Celebraciones de Navidad: Encendido de luces en la Llar\u00a0Costabona, decoraci\u00f3n de\u00a0LlarsCAT\u00a0y fiestas de invierno en la Llar El Pinet\u00f3<\/span><\/a><\/p>\n","protected":false},"author":3,"featured_media":5444,"comment_status":"closed","ping_status":"open","sticky":false,"template":"","format":"standard","meta":{"_eb_attr":"","neve_meta_sidebar":"","neve_meta_container":"","neve_meta_enable_content_width":"","neve_meta_content_width":0,"neve_meta_title_alignment":"","neve_meta_author_avatar":"","neve_post_elements_order":"","neve_meta_disable_header":"","neve_meta_disable_footer":"","neve_meta_disable_title":"","footnotes":""},"categories":[15],"tags":[],"class_list":["post-5538","post","type-post","status-publish","format-standard","has-post-thumbnail","hentry","category-sin-categorizar"],"yoast_head":"<!-- This site is optimized with the Yoast SEO plugin v25.4 - https:\/\/yoast.com\/wordpress\/plugins\/seo\/ -->\n<title>Celebraciones de Navidad: Encendido de luces en la Llar\u00a0Costabona, decoraci\u00f3n de\u00a0LlarsCAT\u00a0y fiestas de invierno en la Llar El Pinet\u00f3 - Iniciatives Solid\u00e0ries<\/title>\n<meta name=\"robots\" content=\"index, follow, max-snippet:-1, max-image-preview:large, max-video-preview:-1\" \/>\n<link rel=\"canonical\" href=\"https:\/\/www.iniciatives.org\/es\/celebracions-de-nadal-encesa-de-llums-a-la-llar-costabona-decoracio-de-llarscat-i-festes-dhivern-a-la-llar-el-pineto\/\" \/>\n<meta property=\"og:locale\" content=\"es_ES\" \/>\n<meta property=\"og:type\" content=\"article\" \/>\n<meta property=\"og:title\" content=\"Celebraciones de Navidad: Encendido de luces en la Llar\u00a0Costabona, decoraci\u00f3n de\u00a0LlarsCAT\u00a0y fiestas de invierno en la Llar El Pinet\u00f3 - Iniciatives Solid\u00e0ries\" \/>\n<meta property=\"og:description\" content=\"Los j\u00f3venes de la Llar Costabona han participado en el encendido de luces del \u00e1rbol de navidad donde est\u00e1 ubicada la Llar, el barrio Covadonga, a Sabadell. Han compartido un tiempo valioso con los vecinos, que permiti\u00f3 enlazar v\u00ednculos y dar a conocer nuestro servicio y nuestra entidad. Para combatir el fr\u00edo, los j\u00f3venes prepararon&hellip;&nbsp;Leer m\u00e1s &raquo;Celebraciones de Navidad: Encendido de luces en la Llar\u00a0Costabona, decoraci\u00f3n de\u00a0LlarsCAT\u00a0y fiestas de invierno en la Llar El Pinet\u00f3\" \/>\n<meta property=\"og:url\" content=\"https:\/\/www.iniciatives.org\/es\/celebracions-de-nadal-encesa-de-llums-a-la-llar-costabona-decoracio-de-llarscat-i-festes-dhivern-a-la-llar-el-pineto\/\" \/>\n<meta property=\"og:site_name\" content=\"Iniciatives Solid\u00e0ries\" \/>\n<meta property=\"article:published_time\" content=\"2024-12-30T11:16:00+00:00\" \/>\n<meta property=\"article:modified_time\" content=\"2025-06-02T10:58:20+00:00\" \/>\n<meta property=\"og:image\" content=\"https:\/\/www.iniciatives.org\/wp-content\/uploads\/2024\/12\/LLARSCAT.jpg\" \/>\n\t<meta property=\"og:image:width\" content=\"1200\" \/>\n\t<meta property=\"og:image:height\" content=\"1600\" \/>\n\t<meta property=\"og:image:type\" content=\"image\/jpeg\" \/>\n<meta name=\"author\" content=\"marta\" \/>\n<meta name=\"twitter:card\" content=\"summary_large_image\" \/>\n<meta name=\"twitter:label1\" content=\"Escrito por\" \/>\n\t<meta name=\"twitter:data1\" content=\"marta\" \/>\n\t<meta name=\"twitter:label2\" content=\"Tiempo de lectura\" \/>\n\t<meta name=\"twitter:data2\" content=\"4 minutos\" \/>\n<script type=\"application\/ld+json\" class=\"yoast-schema-graph\">{\"@context\":\"https:\/\/schema.org\",\"@graph\":[{\"@type\":\"WebPage\",\"@id\":\"https:\/\/www.iniciatives.org\/es\/celebracions-de-nadal-encesa-de-llums-a-la-llar-costabona-decoracio-de-llarscat-i-festes-dhivern-a-la-llar-el-pineto\/\",\"url\":\"https:\/\/www.iniciatives.org\/es\/celebracions-de-nadal-encesa-de-llums-a-la-llar-costabona-decoracio-de-llarscat-i-festes-dhivern-a-la-llar-el-pineto\/\",\"name\":\"Celebraciones de Navidad: Encendido de luces en la Llar\u00a0Costabona, decoraci\u00f3n de\u00a0LlarsCAT\u00a0y fiestas de invierno en la Llar El Pinet\u00f3 - Iniciatives Solid\u00e0ries\",\"isPartOf\":{\"@id\":\"https:\/\/www.iniciatives.org\/#website\"},\"primaryImageOfPage\":{\"@id\":\"https:\/\/www.iniciatives.org\/es\/celebracions-de-nadal-encesa-de-llums-a-la-llar-costabona-decoracio-de-llarscat-i-festes-dhivern-a-la-llar-el-pineto\/#primaryimage\"},\"image\":{\"@id\":\"https:\/\/www.iniciatives.org\/es\/celebracions-de-nadal-encesa-de-llums-a-la-llar-costabona-decoracio-de-llarscat-i-festes-dhivern-a-la-llar-el-pineto\/#primaryimage\"},\"thumbnailUrl\":\"https:\/\/www.iniciatives.org\/wp-content\/uploads\/2024\/12\/LLARSCAT.jpg\",\"datePublished\":\"2024-12-30T11:16:00+00:00\",\"dateModified\":\"2025-06-02T10:58:20+00:00\",\"author\":{\"@id\":\"https:\/\/www.iniciatives.org\/#\/schema\/person\/6b6b53abb46095f47a6b492083695855\"},\"breadcrumb\":{\"@id\":\"https:\/\/www.iniciatives.org\/es\/celebracions-de-nadal-encesa-de-llums-a-la-llar-costabona-decoracio-de-llarscat-i-festes-dhivern-a-la-llar-el-pineto\/#breadcrumb\"},\"inLanguage\":\"es\",\"potentialAction\":[{\"@type\":\"ReadAction\",\"target\":[\"https:\/\/www.iniciatives.org\/es\/celebracions-de-nadal-encesa-de-llums-a-la-llar-costabona-decoracio-de-llarscat-i-festes-dhivern-a-la-llar-el-pineto\/\"]}]},{\"@type\":\"ImageObject\",\"inLanguage\":\"es\",\"@id\":\"https:\/\/www.iniciatives.org\/es\/celebracions-de-nadal-encesa-de-llums-a-la-llar-costabona-decoracio-de-llarscat-i-festes-dhivern-a-la-llar-el-pineto\/#primaryimage\",\"url\":\"https:\/\/www.iniciatives.org\/wp-content\/uploads\/2024\/12\/LLARSCAT.jpg\",\"contentUrl\":\"https:\/\/www.iniciatives.org\/wp-content\/uploads\/2024\/12\/LLARSCAT.jpg\",\"width\":1200,\"height\":1600},{\"@type\":\"BreadcrumbList\",\"@id\":\"https:\/\/www.iniciatives.org\/es\/celebracions-de-nadal-encesa-de-llums-a-la-llar-costabona-decoracio-de-llarscat-i-festes-dhivern-a-la-llar-el-pineto\/#breadcrumb\",\"itemListElement\":[{\"@type\":\"ListItem\",\"position\":1,\"name\":\"Inici\",\"item\":\"https:\/\/www.iniciatives.org\/es\/\"},{\"@type\":\"ListItem\",\"position\":2,\"name\":\"Celebraciones de Navidad: Encendido de luces en la Llar\u00a0Costabona, decoraci\u00f3n de\u00a0LlarsCAT\u00a0y fiestas de invierno en la Llar El Pinet\u00f3\"}]},{\"@type\":\"WebSite\",\"@id\":\"https:\/\/www.iniciatives.org\/#website\",\"url\":\"https:\/\/www.iniciatives.org\/\",\"name\":\"Iniciatives Solid\u00e0ries\",\"description\":\"Iniciatives Solid\u00e0ries \u00e9s una ONG d\u2019acci\u00f3 social, acolliment i inserci\u00f3 social\",\"potentialAction\":[{\"@type\":\"SearchAction\",\"target\":{\"@type\":\"EntryPoint\",\"urlTemplate\":\"https:\/\/www.iniciatives.org\/?s={search_term_string}\"},\"query-input\":{\"@type\":\"PropertyValueSpecification\",\"valueRequired\":true,\"valueName\":\"search_term_string\"}}],\"inLanguage\":\"es\"},{\"@type\":\"Person\",\"@id\":\"https:\/\/www.iniciatives.org\/#\/schema\/person\/6b6b53abb46095f47a6b492083695855\",\"name\":\"marta\",\"image\":{\"@type\":\"ImageObject\",\"inLanguage\":\"es\",\"@id\":\"https:\/\/www.iniciatives.org\/#\/schema\/person\/image\/\",\"url\":\"https:\/\/secure.gravatar.com\/avatar\/a0c1939c897a5dff40c633421ff039f2ae4b3bb420c6db4a2f86e965bb90d93f?s=96&d=mm&r=g\",\"contentUrl\":\"https:\/\/secure.gravatar.com\/avatar\/a0c1939c897a5dff40c633421ff039f2ae4b3bb420c6db4a2f86e965bb90d93f?s=96&d=mm&r=g\",\"caption\":\"marta\"},\"url\":\"https:\/\/www.iniciatives.org\/es\/author\/marta\/\"}]}<\/script>\n<!-- \/ Yoast SEO plugin. -->","yoast_head_json":{"title":"Celebraciones de Navidad: Encendido de luces en la Llar\u00a0Costabona, decoraci\u00f3n de\u00a0LlarsCAT\u00a0y fiestas de invierno en la Llar El Pinet\u00f3 - Iniciatives Solid\u00e0ries","robots":{"index":"index","follow":"follow","max-snippet":"max-snippet:-1","max-image-preview":"max-image-preview:large","max-video-preview":"max-video-preview:-1"},"canonical":"https:\/\/www.iniciatives.org\/es\/celebracions-de-nadal-encesa-de-llums-a-la-llar-costabona-decoracio-de-llarscat-i-festes-dhivern-a-la-llar-el-pineto\/","og_locale":"es_ES","og_type":"article","og_title":"Celebraciones de Navidad: Encendido de luces en la Llar\u00a0Costabona, decoraci\u00f3n de\u00a0LlarsCAT\u00a0y fiestas de invierno en la Llar El Pinet\u00f3 - Iniciatives Solid\u00e0ries","og_description":"Los j\u00f3venes de la Llar Costabona han participado en el encendido de luces del \u00e1rbol de navidad donde est\u00e1 ubicada la Llar, el barrio Covadonga, a Sabadell. Han compartido un tiempo valioso con los vecinos, que permiti\u00f3 enlazar v\u00ednculos y dar a conocer nuestro servicio y nuestra entidad. Para combatir el fr\u00edo, los j\u00f3venes prepararon&hellip;&nbsp;Leer m\u00e1s &raquo;Celebraciones de Navidad: Encendido de luces en la Llar\u00a0Costabona, decoraci\u00f3n de\u00a0LlarsCAT\u00a0y fiestas de invierno en la Llar El Pinet\u00f3","og_url":"https:\/\/www.iniciatives.org\/es\/celebracions-de-nadal-encesa-de-llums-a-la-llar-costabona-decoracio-de-llarscat-i-festes-dhivern-a-la-llar-el-pineto\/","og_site_name":"Iniciatives Solid\u00e0ries","article_published_time":"2024-12-30T11:16:00+00:00","article_modified_time":"2025-06-02T10:58:20+00:00","og_image":[{"width":1200,"height":1600,"url":"https:\/\/www.iniciatives.org\/wp-content\/uploads\/2024\/12\/LLARSCAT.jpg","type":"image\/jpeg"}],"author":"marta","twitter_card":"summary_large_image","twitter_misc":{"Escrito por":"marta","Tiempo de lectura":"4 minutos"},"schema":{"@context":"https:\/\/schema.org","@graph":[{"@type":"WebPage","@id":"https:\/\/www.iniciatives.org\/es\/celebracions-de-nadal-encesa-de-llums-a-la-llar-costabona-decoracio-de-llarscat-i-festes-dhivern-a-la-llar-el-pineto\/","url":"https:\/\/www.iniciatives.org\/es\/celebracions-de-nadal-encesa-de-llums-a-la-llar-costabona-decoracio-de-llarscat-i-festes-dhivern-a-la-llar-el-pineto\/","name":"Celebraciones de Navidad: Encendido de luces en la Llar\u00a0Costabona, decoraci\u00f3n de\u00a0LlarsCAT\u00a0y fiestas de invierno en la Llar El Pinet\u00f3 - Iniciatives Solid\u00e0ries","isPartOf":{"@id":"https:\/\/www.iniciatives.org\/#website"},"primaryImageOfPage":{"@id":"https:\/\/www.iniciatives.org\/es\/celebracions-de-nadal-encesa-de-llums-a-la-llar-costabona-decoracio-de-llarscat-i-festes-dhivern-a-la-llar-el-pineto\/#primaryimage"},"image":{"@id":"https:\/\/www.iniciatives.org\/es\/celebracions-de-nadal-encesa-de-llums-a-la-llar-costabona-decoracio-de-llarscat-i-festes-dhivern-a-la-llar-el-pineto\/#primaryimage"},"thumbnailUrl":"https:\/\/www.iniciatives.org\/wp-content\/uploads\/2024\/12\/LLARSCAT.jpg","datePublished":"2024-12-30T11:16:00+00:00","dateModified":"2025-06-02T10:58:20+00:00","author":{"@id":"https:\/\/www.iniciatives.org\/#\/schema\/person\/6b6b53abb46095f47a6b492083695855"},"breadcrumb":{"@id":"https:\/\/www.iniciatives.org\/es\/celebracions-de-nadal-encesa-de-llums-a-la-llar-costabona-decoracio-de-llarscat-i-festes-dhivern-a-la-llar-el-pineto\/#breadcrumb"},"inLanguage":"es","potentialAction":[{"@type":"ReadAction","target":["https:\/\/www.iniciatives.org\/es\/celebracions-de-nadal-encesa-de-llums-a-la-llar-costabona-decoracio-de-llarscat-i-festes-dhivern-a-la-llar-el-pineto\/"]}]},{"@type":"ImageObject","inLanguage":"es","@id":"https:\/\/www.iniciatives.org\/es\/celebracions-de-nadal-encesa-de-llums-a-la-llar-costabona-decoracio-de-llarscat-i-festes-dhivern-a-la-llar-el-pineto\/#primaryimage","url":"https:\/\/www.iniciatives.org\/wp-content\/uploads\/2024\/12\/LLARSCAT.jpg","contentUrl":"https:\/\/www.iniciatives.org\/wp-content\/uploads\/2024\/12\/LLARSCAT.jpg","width":1200,"height":1600},{"@type":"BreadcrumbList","@id":"https:\/\/www.iniciatives.org\/es\/celebracions-de-nadal-encesa-de-llums-a-la-llar-costabona-decoracio-de-llarscat-i-festes-dhivern-a-la-llar-el-pineto\/#breadcrumb","itemListElement":[{"@type":"ListItem","position":1,"name":"Inici","item":"https:\/\/www.iniciatives.org\/es\/"},{"@type":"ListItem","position":2,"name":"Celebraciones de Navidad: Encendido de luces en la Llar\u00a0Costabona, decoraci\u00f3n de\u00a0LlarsCAT\u00a0y fiestas de invierno en la Llar El Pinet\u00f3"}]},{"@type":"WebSite","@id":"https:\/\/www.iniciatives.org\/#website","url":"https:\/\/www.iniciatives.org\/","name":"Iniciatives Solid\u00e0ries","description":"Iniciatives Solid\u00e0ries \u00e9s una ONG d\u2019acci\u00f3 social, acolliment i inserci\u00f3 social","potentialAction":[{"@type":"SearchAction","target":{"@type":"EntryPoint","urlTemplate":"https:\/\/www.iniciatives.org\/?s={search_term_string}"},"query-input":{"@type":"PropertyValueSpecification","valueRequired":true,"valueName":"search_term_string"}}],"inLanguage":"es"},{"@type":"Person","@id":"https:\/\/www.iniciatives.org\/#\/schema\/person\/6b6b53abb46095f47a6b492083695855","name":"marta","image":{"@type":"ImageObject","inLanguage":"es","@id":"https:\/\/www.iniciatives.org\/#\/schema\/person\/image\/","url":"https:\/\/secure.gravatar.com\/avatar\/a0c1939c897a5dff40c633421ff039f2ae4b3bb420c6db4a2f86e965bb90d93f?s=96&d=mm&r=g","contentUrl":"https:\/\/secure.gravatar.com\/avatar\/a0c1939c897a5dff40c633421ff039f2ae4b3bb420c6db4a2f86e965bb90d93f?s=96&d=mm&r=g","caption":"marta"},"url":"https:\/\/www.iniciatives.org\/es\/author\/marta\/"}]}},"_links":{"self":[{"href":"https:\/\/www.iniciatives.org\/es\/wp-json\/wp\/v2\/posts\/5538","targetHints":{"allow":["GET"]}}],"collection":[{"href":"https:\/\/www.iniciatives.org\/es\/wp-json\/wp\/v2\/posts"}],"about":[{"href":"https:\/\/www.iniciatives.org\/es\/wp-json\/wp\/v2\/types\/post"}],"author":[{"embeddable":true,"href":"https:\/\/www.iniciatives.org\/es\/wp-json\/wp\/v2\/users\/3"}],"replies":[{"embeddable":true,"href":"https:\/\/www.iniciatives.org\/es\/wp-json\/wp\/v2\/comments?post=5538"}],"version-history":[{"count":1,"href":"https:\/\/www.iniciatives.org\/es\/wp-json\/wp\/v2\/posts\/5538\/revisions"}],"predecessor-version":[{"id":5539,"href":"https:\/\/www.iniciatives.org\/es\/wp-json\/wp\/v2\/posts\/5538\/revisions\/5539"}],"wp:featuredmedia":[{"embeddable":true,"href":"https:\/\/www.iniciatives.org\/es\/wp-json\/wp\/v2\/media\/5444"}],"wp:attachment":[{"href":"https:\/\/www.iniciatives.org\/es\/wp-json\/wp\/v2\/media?parent=5538"}],"wp:term":[{"taxonomy":"category","embeddable":true,"href":"https:\/\/www.iniciatives.org\/es\/wp-json\/wp\/v2\/categories?post=5538"},{"taxonomy":"post_tag","embeddable":true,"href":"https:\/\/www.iniciatives.org\/es\/wp-json\/wp\/v2\/tags?post=5538"}],"curies":[{"name":"wp","href":"https:\/\/api.w.org\/{rel}","templated":true}]}}