

{"id":5541,"date":"2024-11-28T12:23:00","date_gmt":"2024-11-28T11:23:00","guid":{"rendered":"https:\/\/www.iniciatives.org\/gran-recapte-2024-una-jornada-de-solidaritat-i-treball-en-equip\/"},"modified":"2025-06-02T13:04:00","modified_gmt":"2025-06-02T11:04:00","slug":"gran-recapte-2024-una-jornada-de-solidaritat-i-treball-en-equip","status":"publish","type":"post","link":"https:\/\/www.iniciatives.org\/es\/gran-recapte-2024-una-jornada-de-solidaritat-i-treball-en-equip\/","title":{"rendered":"Gran Recapte 2024: Una jornada de solidaridad y trabajo en equipo"},"content":{"rendered":"\n<p>El pasado viernes 22 y s\u00e1bado 23 de noviembre se llev\u00f3 a cabo el Gran Recapte 2024, una iniciativa marcada por el esfuerzo, la alegr\u00eda y, sobre todo, la colaboraci\u00f3n de centenares de voluntarios en las diversas ciudades donde Iniciatives Solid\u00e0ries tiene presencia, como Barcelona, l&#8217;Hospitalet de Llobregat, Sabadell, Santa Perp\u00e8tua de Mogoda y Sant Boi de Llobregat.<\/p>\n\n\n\n<p>Esta campa\u00f1a, organizada para dar apoyo al Banc dels Aliments, cont\u00f3 con la participaci\u00f3n de personas de todo tipo, desde j\u00f3venes de la misma entidad, las educadoras y personal de la oficina de servicios centrales. Durante las dos jornadas, se situaron en supermercados estrat\u00e9gicos para recibir donaciones de alimentos no perecederos, que se destinar\u00e1n a ayudar quienes m\u00e1s lo necesitan.<\/p>\n\n\n\n<p>La solidaridad de las personas qued\u00f3, una vez m\u00e1s, demostrada. A\u00f1o tras a\u00f1o, el Gran Recapte no solo inspira a la comunidad, sino que tambi\u00e9n incrementa la solidaridad.<\/p>\n\n\n\n<p>Para muchos beneficiarios, esta fue su primera experiencia como voluntarios, y los llen\u00f3 de satisfacci\u00f3n recibir palabras de \u00e1nimo y agradecimiento por parte de las personas que hac\u00edan sus donaciones.<\/p>\n\n\n\n<p>Gracias tambi\u00e9n al Banc dels Aliments, que compart\u00edan las historias en sus redes sociales para apoyar y agradecer el trabajo de nuestra entidad.<\/p>\n\n\n\n<p>El Gran Recapte 2024 nos recuerda que, unidos, podemos marcar la diferencia en la vida de muchas personas. Gracias a todos los que lo hab\u00e9is hecho posible!<\/p>\n\n\n\n<div class=\"wp-block-group\"><div class=\"wp-block-group__inner-container is-layout-constrained wp-block-group-is-layout-constrained\"><div class=\"wp-block-image\">\n<figure class=\"aligncenter size-full is-resized\"><img loading=\"lazy\" decoding=\"async\" width=\"768\" height=\"1024\" src=\"https:\/\/www.iniciatives.org\/wp-content\/uploads\/2025\/06\/Imagen-de-WhatsApp-2025-05-14-a-las-11.47.21_7a745799-1-768x1024-1.jpg\" alt=\"\" class=\"wp-image-5432\" style=\"width:379px;height:auto\" srcset=\"https:\/\/www.iniciatives.org\/wp-content\/uploads\/2025\/06\/Imagen-de-WhatsApp-2025-05-14-a-las-11.47.21_7a745799-1-768x1024-1.jpg 768w, https:\/\/www.iniciatives.org\/wp-content\/uploads\/2025\/06\/Imagen-de-WhatsApp-2025-05-14-a-las-11.47.21_7a745799-1-768x1024-1-600x800.jpg 600w\" sizes=\"auto, (max-width: 768px) 100vw, 768px\" \/><\/figure><\/div><\/div><\/div>\n","protected":false},"excerpt":{"rendered":"<p>El pasado viernes 22 y s\u00e1bado 23 de noviembre se llev\u00f3 a cabo el Gran Recapte 2024, una iniciativa marcada por el esfuerzo, la alegr\u00eda y, sobre todo, la colaboraci\u00f3n de centenares de voluntarios en las diversas ciudades donde Iniciatives Solid\u00e0ries tiene presencia, como Barcelona, l&#8217;Hospitalet de Llobregat, Sabadell, Santa Perp\u00e8tua de Mogoda y Sant&hellip;&nbsp;<a href=\"https:\/\/www.iniciatives.org\/es\/gran-recapte-2024-una-jornada-de-solidaritat-i-treball-en-equip\/\" rel=\"bookmark\">Leer m\u00e1s &raquo;<span class=\"screen-reader-text\">Gran Recapte 2024: Una jornada de solidaridad y trabajo en equipo<\/span><\/a><\/p>\n","protected":false},"author":3,"featured_media":5435,"comment_status":"closed","ping_status":"open","sticky":false,"template":"","format":"standard","meta":{"_eb_attr":"","neve_meta_sidebar":"","neve_meta_container":"","neve_meta_enable_content_width":"","neve_meta_content_width":0,"neve_meta_title_alignment":"","neve_meta_author_avatar":"","neve_post_elements_order":"","neve_meta_disable_header":"","neve_meta_disable_footer":"","neve_meta_disable_title":"","footnotes":""},"categories":[15],"tags":[],"class_list":["post-5541","post","type-post","status-publish","format-standard","has-post-thumbnail","hentry","category-sin-categorizar"],"yoast_head":"<!-- This site is optimized with the Yoast SEO plugin v25.4 - https:\/\/yoast.com\/wordpress\/plugins\/seo\/ -->\n<title>Gran Recapte 2024: Una jornada de solidaridad y trabajo en equipo - Iniciatives Solid\u00e0ries<\/title>\n<meta name=\"robots\" content=\"index, follow, max-snippet:-1, max-image-preview:large, max-video-preview:-1\" \/>\n<link rel=\"canonical\" href=\"https:\/\/www.iniciatives.org\/es\/gran-recapte-2024-una-jornada-de-solidaritat-i-treball-en-equip\/\" \/>\n<meta property=\"og:locale\" content=\"es_ES\" \/>\n<meta property=\"og:type\" content=\"article\" \/>\n<meta property=\"og:title\" content=\"Gran Recapte 2024: Una jornada de solidaridad y trabajo en equipo - Iniciatives Solid\u00e0ries\" \/>\n<meta property=\"og:description\" content=\"El pasado viernes 22 y s\u00e1bado 23 de noviembre se llev\u00f3 a cabo el Gran Recapte 2024, una iniciativa marcada por el esfuerzo, la alegr\u00eda y, sobre todo, la colaboraci\u00f3n de centenares de voluntarios en las diversas ciudades donde Iniciatives Solid\u00e0ries tiene presencia, como Barcelona, l&#8217;Hospitalet de Llobregat, Sabadell, Santa Perp\u00e8tua de Mogoda y Sant&hellip;&nbsp;Leer m\u00e1s &raquo;Gran Recapte 2024: Una jornada de solidaridad y trabajo en equipo\" \/>\n<meta property=\"og:url\" content=\"https:\/\/www.iniciatives.org\/es\/gran-recapte-2024-una-jornada-de-solidaritat-i-treball-en-equip\/\" \/>\n<meta property=\"og:site_name\" content=\"Iniciatives Solid\u00e0ries\" \/>\n<meta property=\"article:published_time\" content=\"2024-11-28T11:23:00+00:00\" \/>\n<meta property=\"article:modified_time\" content=\"2025-06-02T11:04:00+00:00\" \/>\n<meta property=\"og:image\" content=\"https:\/\/www.iniciatives.org\/wp-content\/uploads\/2025\/06\/Post-de-Instagram-Collage-de-Fotos-Verano-Pastel-.png\" \/>\n\t<meta property=\"og:image:width\" content=\"1080\" \/>\n\t<meta property=\"og:image:height\" content=\"1080\" \/>\n\t<meta property=\"og:image:type\" content=\"image\/png\" \/>\n<meta name=\"author\" content=\"marta\" \/>\n<meta name=\"twitter:card\" content=\"summary_large_image\" \/>\n<meta name=\"twitter:label1\" content=\"Escrito por\" \/>\n\t<meta name=\"twitter:data1\" content=\"marta\" \/>\n\t<meta name=\"twitter:label2\" content=\"Tiempo de lectura\" \/>\n\t<meta name=\"twitter:data2\" content=\"2 minutos\" \/>\n<script type=\"application\/ld+json\" class=\"yoast-schema-graph\">{\"@context\":\"https:\/\/schema.org\",\"@graph\":[{\"@type\":\"WebPage\",\"@id\":\"https:\/\/www.iniciatives.org\/es\/gran-recapte-2024-una-jornada-de-solidaritat-i-treball-en-equip\/\",\"url\":\"https:\/\/www.iniciatives.org\/es\/gran-recapte-2024-una-jornada-de-solidaritat-i-treball-en-equip\/\",\"name\":\"Gran Recapte 2024: Una jornada de solidaridad y trabajo en equipo - Iniciatives Solid\u00e0ries\",\"isPartOf\":{\"@id\":\"https:\/\/www.iniciatives.org\/#website\"},\"primaryImageOfPage\":{\"@id\":\"https:\/\/www.iniciatives.org\/es\/gran-recapte-2024-una-jornada-de-solidaritat-i-treball-en-equip\/#primaryimage\"},\"image\":{\"@id\":\"https:\/\/www.iniciatives.org\/es\/gran-recapte-2024-una-jornada-de-solidaritat-i-treball-en-equip\/#primaryimage\"},\"thumbnailUrl\":\"https:\/\/www.iniciatives.org\/wp-content\/uploads\/2025\/06\/Post-de-Instagram-Collage-de-Fotos-Verano-Pastel-.png\",\"datePublished\":\"2024-11-28T11:23:00+00:00\",\"dateModified\":\"2025-06-02T11:04:00+00:00\",\"author\":{\"@id\":\"https:\/\/www.iniciatives.org\/#\/schema\/person\/6b6b53abb46095f47a6b492083695855\"},\"breadcrumb\":{\"@id\":\"https:\/\/www.iniciatives.org\/es\/gran-recapte-2024-una-jornada-de-solidaritat-i-treball-en-equip\/#breadcrumb\"},\"inLanguage\":\"es\",\"potentialAction\":[{\"@type\":\"ReadAction\",\"target\":[\"https:\/\/www.iniciatives.org\/es\/gran-recapte-2024-una-jornada-de-solidaritat-i-treball-en-equip\/\"]}]},{\"@type\":\"ImageObject\",\"inLanguage\":\"es\",\"@id\":\"https:\/\/www.iniciatives.org\/es\/gran-recapte-2024-una-jornada-de-solidaritat-i-treball-en-equip\/#primaryimage\",\"url\":\"https:\/\/www.iniciatives.org\/wp-content\/uploads\/2025\/06\/Post-de-Instagram-Collage-de-Fotos-Verano-Pastel-.png\",\"contentUrl\":\"https:\/\/www.iniciatives.org\/wp-content\/uploads\/2025\/06\/Post-de-Instagram-Collage-de-Fotos-Verano-Pastel-.png\",\"width\":1080,\"height\":1080},{\"@type\":\"BreadcrumbList\",\"@id\":\"https:\/\/www.iniciatives.org\/es\/gran-recapte-2024-una-jornada-de-solidaritat-i-treball-en-equip\/#breadcrumb\",\"itemListElement\":[{\"@type\":\"ListItem\",\"position\":1,\"name\":\"Inici\",\"item\":\"https:\/\/www.iniciatives.org\/es\/\"},{\"@type\":\"ListItem\",\"position\":2,\"name\":\"Gran Recapte 2024: Una jornada de solidaridad y trabajo en equipo\"}]},{\"@type\":\"WebSite\",\"@id\":\"https:\/\/www.iniciatives.org\/#website\",\"url\":\"https:\/\/www.iniciatives.org\/\",\"name\":\"Iniciatives Solid\u00e0ries\",\"description\":\"Iniciatives Solid\u00e0ries \u00e9s una ONG d\u2019acci\u00f3 social, acolliment i inserci\u00f3 social\",\"potentialAction\":[{\"@type\":\"SearchAction\",\"target\":{\"@type\":\"EntryPoint\",\"urlTemplate\":\"https:\/\/www.iniciatives.org\/?s={search_term_string}\"},\"query-input\":{\"@type\":\"PropertyValueSpecification\",\"valueRequired\":true,\"valueName\":\"search_term_string\"}}],\"inLanguage\":\"es\"},{\"@type\":\"Person\",\"@id\":\"https:\/\/www.iniciatives.org\/#\/schema\/person\/6b6b53abb46095f47a6b492083695855\",\"name\":\"marta\",\"image\":{\"@type\":\"ImageObject\",\"inLanguage\":\"es\",\"@id\":\"https:\/\/www.iniciatives.org\/#\/schema\/person\/image\/\",\"url\":\"https:\/\/secure.gravatar.com\/avatar\/a0c1939c897a5dff40c633421ff039f2ae4b3bb420c6db4a2f86e965bb90d93f?s=96&d=mm&r=g\",\"contentUrl\":\"https:\/\/secure.gravatar.com\/avatar\/a0c1939c897a5dff40c633421ff039f2ae4b3bb420c6db4a2f86e965bb90d93f?s=96&d=mm&r=g\",\"caption\":\"marta\"},\"url\":\"https:\/\/www.iniciatives.org\/es\/author\/marta\/\"}]}<\/script>\n<!-- \/ Yoast SEO plugin. -->","yoast_head_json":{"title":"Gran Recapte 2024: Una jornada de solidaridad y trabajo en equipo - Iniciatives Solid\u00e0ries","robots":{"index":"index","follow":"follow","max-snippet":"max-snippet:-1","max-image-preview":"max-image-preview:large","max-video-preview":"max-video-preview:-1"},"canonical":"https:\/\/www.iniciatives.org\/es\/gran-recapte-2024-una-jornada-de-solidaritat-i-treball-en-equip\/","og_locale":"es_ES","og_type":"article","og_title":"Gran Recapte 2024: Una jornada de solidaridad y trabajo en equipo - Iniciatives Solid\u00e0ries","og_description":"El pasado viernes 22 y s\u00e1bado 23 de noviembre se llev\u00f3 a cabo el Gran Recapte 2024, una iniciativa marcada por el esfuerzo, la alegr\u00eda y, sobre todo, la colaboraci\u00f3n de centenares de voluntarios en las diversas ciudades donde Iniciatives Solid\u00e0ries tiene presencia, como Barcelona, l&#8217;Hospitalet de Llobregat, Sabadell, Santa Perp\u00e8tua de Mogoda y Sant&hellip;&nbsp;Leer m\u00e1s &raquo;Gran Recapte 2024: Una jornada de solidaridad y trabajo en equipo","og_url":"https:\/\/www.iniciatives.org\/es\/gran-recapte-2024-una-jornada-de-solidaritat-i-treball-en-equip\/","og_site_name":"Iniciatives Solid\u00e0ries","article_published_time":"2024-11-28T11:23:00+00:00","article_modified_time":"2025-06-02T11:04:00+00:00","og_image":[{"width":1080,"height":1080,"url":"https:\/\/www.iniciatives.org\/wp-content\/uploads\/2025\/06\/Post-de-Instagram-Collage-de-Fotos-Verano-Pastel-.png","type":"image\/png"}],"author":"marta","twitter_card":"summary_large_image","twitter_misc":{"Escrito por":"marta","Tiempo de lectura":"2 minutos"},"schema":{"@context":"https:\/\/schema.org","@graph":[{"@type":"WebPage","@id":"https:\/\/www.iniciatives.org\/es\/gran-recapte-2024-una-jornada-de-solidaritat-i-treball-en-equip\/","url":"https:\/\/www.iniciatives.org\/es\/gran-recapte-2024-una-jornada-de-solidaritat-i-treball-en-equip\/","name":"Gran Recapte 2024: Una jornada de solidaridad y trabajo en equipo - Iniciatives Solid\u00e0ries","isPartOf":{"@id":"https:\/\/www.iniciatives.org\/#website"},"primaryImageOfPage":{"@id":"https:\/\/www.iniciatives.org\/es\/gran-recapte-2024-una-jornada-de-solidaritat-i-treball-en-equip\/#primaryimage"},"image":{"@id":"https:\/\/www.iniciatives.org\/es\/gran-recapte-2024-una-jornada-de-solidaritat-i-treball-en-equip\/#primaryimage"},"thumbnailUrl":"https:\/\/www.iniciatives.org\/wp-content\/uploads\/2025\/06\/Post-de-Instagram-Collage-de-Fotos-Verano-Pastel-.png","datePublished":"2024-11-28T11:23:00+00:00","dateModified":"2025-06-02T11:04:00+00:00","author":{"@id":"https:\/\/www.iniciatives.org\/#\/schema\/person\/6b6b53abb46095f47a6b492083695855"},"breadcrumb":{"@id":"https:\/\/www.iniciatives.org\/es\/gran-recapte-2024-una-jornada-de-solidaritat-i-treball-en-equip\/#breadcrumb"},"inLanguage":"es","potentialAction":[{"@type":"ReadAction","target":["https:\/\/www.iniciatives.org\/es\/gran-recapte-2024-una-jornada-de-solidaritat-i-treball-en-equip\/"]}]},{"@type":"ImageObject","inLanguage":"es","@id":"https:\/\/www.iniciatives.org\/es\/gran-recapte-2024-una-jornada-de-solidaritat-i-treball-en-equip\/#primaryimage","url":"https:\/\/www.iniciatives.org\/wp-content\/uploads\/2025\/06\/Post-de-Instagram-Collage-de-Fotos-Verano-Pastel-.png","contentUrl":"https:\/\/www.iniciatives.org\/wp-content\/uploads\/2025\/06\/Post-de-Instagram-Collage-de-Fotos-Verano-Pastel-.png","width":1080,"height":1080},{"@type":"BreadcrumbList","@id":"https:\/\/www.iniciatives.org\/es\/gran-recapte-2024-una-jornada-de-solidaritat-i-treball-en-equip\/#breadcrumb","itemListElement":[{"@type":"ListItem","position":1,"name":"Inici","item":"https:\/\/www.iniciatives.org\/es\/"},{"@type":"ListItem","position":2,"name":"Gran Recapte 2024: Una jornada de solidaridad y trabajo en equipo"}]},{"@type":"WebSite","@id":"https:\/\/www.iniciatives.org\/#website","url":"https:\/\/www.iniciatives.org\/","name":"Iniciatives Solid\u00e0ries","description":"Iniciatives Solid\u00e0ries \u00e9s una ONG d\u2019acci\u00f3 social, acolliment i inserci\u00f3 social","potentialAction":[{"@type":"SearchAction","target":{"@type":"EntryPoint","urlTemplate":"https:\/\/www.iniciatives.org\/?s={search_term_string}"},"query-input":{"@type":"PropertyValueSpecification","valueRequired":true,"valueName":"search_term_string"}}],"inLanguage":"es"},{"@type":"Person","@id":"https:\/\/www.iniciatives.org\/#\/schema\/person\/6b6b53abb46095f47a6b492083695855","name":"marta","image":{"@type":"ImageObject","inLanguage":"es","@id":"https:\/\/www.iniciatives.org\/#\/schema\/person\/image\/","url":"https:\/\/secure.gravatar.com\/avatar\/a0c1939c897a5dff40c633421ff039f2ae4b3bb420c6db4a2f86e965bb90d93f?s=96&d=mm&r=g","contentUrl":"https:\/\/secure.gravatar.com\/avatar\/a0c1939c897a5dff40c633421ff039f2ae4b3bb420c6db4a2f86e965bb90d93f?s=96&d=mm&r=g","caption":"marta"},"url":"https:\/\/www.iniciatives.org\/es\/author\/marta\/"}]}},"_links":{"self":[{"href":"https:\/\/www.iniciatives.org\/es\/wp-json\/wp\/v2\/posts\/5541","targetHints":{"allow":["GET"]}}],"collection":[{"href":"https:\/\/www.iniciatives.org\/es\/wp-json\/wp\/v2\/posts"}],"about":[{"href":"https:\/\/www.iniciatives.org\/es\/wp-json\/wp\/v2\/types\/post"}],"author":[{"embeddable":true,"href":"https:\/\/www.iniciatives.org\/es\/wp-json\/wp\/v2\/users\/3"}],"replies":[{"embeddable":true,"href":"https:\/\/www.iniciatives.org\/es\/wp-json\/wp\/v2\/comments?post=5541"}],"version-history":[{"count":1,"href":"https:\/\/www.iniciatives.org\/es\/wp-json\/wp\/v2\/posts\/5541\/revisions"}],"predecessor-version":[{"id":5542,"href":"https:\/\/www.iniciatives.org\/es\/wp-json\/wp\/v2\/posts\/5541\/revisions\/5542"}],"wp:featuredmedia":[{"embeddable":true,"href":"https:\/\/www.iniciatives.org\/es\/wp-json\/wp\/v2\/media\/5435"}],"wp:attachment":[{"href":"https:\/\/www.iniciatives.org\/es\/wp-json\/wp\/v2\/media?parent=5541"}],"wp:term":[{"taxonomy":"category","embeddable":true,"href":"https:\/\/www.iniciatives.org\/es\/wp-json\/wp\/v2\/categories?post=5541"},{"taxonomy":"post_tag","embeddable":true,"href":"https:\/\/www.iniciatives.org\/es\/wp-json\/wp\/v2\/tags?post=5541"}],"curies":[{"name":"wp","href":"https:\/\/api.w.org\/{rel}","templated":true}]}}