

{"id":5713,"date":"2025-01-03T11:48:00","date_gmt":"2025-01-03T10:48:00","guid":{"rendered":"https:\/\/www.iniciatives.org\/?p=5713"},"modified":"2025-11-26T08:35:46","modified_gmt":"2025-11-26T07:35:46","slug":"da-la-bienvenida-al-ano-con-actividades-especiales-en-iniciatives","status":"publish","type":"post","link":"https:\/\/www.iniciatives.org\/es\/da-la-bienvenida-al-ano-con-actividades-especiales-en-iniciatives\/","title":{"rendered":"Da la bienvenida al a\u00f1o con actividades especiales en Iniciatives"},"content":{"rendered":"\n<p>En primer lugar, las familias del Programa Nausica, de Iniciatives y de\u00a0CCAR, han vivido una jornada muy especial celebrando juntos la fiesta de Navidad.<\/p>\n\n\n\n<p>La actividad ha empezado con una inmersi\u00f3n m\u00e1gica en la casa de jengibre, un espacio decorado con caramelos, golosinas y colores que ha cautivado grandes y peque\u00f1os. En este entorno tan dulce, las familias han participado en un taller de manualidades con los ni\u00f1os, haciendo piezas creativas que reflejaban el esp\u00edritu navide\u00f1o y fomentaban la cooperaci\u00f3n y la imaginaci\u00f3n.<\/p>\n\n\n\n<p>Aprovechando una fecha tan significativa para los m\u00e1s peque\u00f1os, han compartido un almuerzo multicultural que ha sido todo un viaje gastron\u00f3mico. Cada familia ha llevado un plato t\u00edpico de su pa\u00eds, convirtiendo la mesa en un mosaico de sabores y tradiciones. Mientras tanto, han intercambiado historias, an\u00e9cdotas y sonrisas, reforzando los v\u00ednculos y descubriendo la riqueza cultural que les une.<\/p>\n\n\n\n<p>Para poner el punto final a este encuentro tan emotivo, los ni\u00f1os han abierto los regalos, llenando el ambiente de ilusi\u00f3n y alegr\u00eda. Finalmente, han inmortalizado el momento con una fotograf\u00eda de grupo, que les recordar\u00e1 siempre este d\u00eda tan especial y lleno de convivencia.<\/p>\n\n\n<div class=\"wp-block-image\">\n<figure class=\"aligncenter size-large is-resized\"><img loading=\"lazy\" decoding=\"async\" width=\"1200\" height=\"560\" src=\"https:\/\/www.iniciatives.org\/wp-content\/uploads\/2025\/11\/Imagen-de-WhatsApp-2025-05-16-a-las-09.08.39_cac83e3b-1200x560.jpg\" alt=\"\" class=\"wp-image-5682\" style=\"aspect-ratio:2.1429272281275553;width:786px;height:auto\" srcset=\"https:\/\/www.iniciatives.org\/wp-content\/uploads\/2025\/11\/Imagen-de-WhatsApp-2025-05-16-a-las-09.08.39_cac83e3b-1200x560.jpg 1200w, https:\/\/www.iniciatives.org\/wp-content\/uploads\/2025\/11\/Imagen-de-WhatsApp-2025-05-16-a-las-09.08.39_cac83e3b-800x374.jpg 800w, https:\/\/www.iniciatives.org\/wp-content\/uploads\/2025\/11\/Imagen-de-WhatsApp-2025-05-16-a-las-09.08.39_cac83e3b-768x359.jpg 768w, https:\/\/www.iniciatives.org\/wp-content\/uploads\/2025\/11\/Imagen-de-WhatsApp-2025-05-16-a-las-09.08.39_cac83e3b-1536x717.jpg 1536w, https:\/\/www.iniciatives.org\/wp-content\/uploads\/2025\/11\/Imagen-de-WhatsApp-2025-05-16-a-las-09.08.39_cac83e3b.jpg 1600w\" sizes=\"auto, (max-width: 1200px) 100vw, 1200px\" \/><\/figure><\/div>\n\n\n<figure class=\"wp-block-pullquote has-border-color has-nv-site-bg-border-color\" style=\"font-size:0px\"><blockquote><p><\/p><\/blockquote><\/figure>\n\n\n\n<p>En segundo lugar, continuando con la programaci\u00f3n navide\u00f1a de la Llar La\u00a0Muntanyeta, han vivido una jornada llena de emociones y diversi\u00f3n! Las chicas, acompa\u00f1adas por parte del equipo educativo, han disfrutado de un d\u00eda inolvidable en\u00a0PortAventura, un espacio que siempre garantiza aventuras y momentos \u00fanicos.<\/p>\n\n\n\n<p>Desde primera hora, el ambiente era de gran ilusi\u00f3n. La llegada al parque fue toda una experiencia: colores, m\u00fasica y decoraciones de Navidad. A lo largo del d\u00eda, han recorrido las diferentes \u00e1reas tem\u00e1ticas, subiendo a atracciones que han hecho latir los corazones m\u00e1s r\u00e1pidos y compartiendo risas que quedar\u00e1n grabadas en la memoria. Cada instante ha sido una oportunidad para reforzar v\u00ednculos, fomentar la confianza y disfrutar juntos en un entorno diferente al cotidiano.<\/p>\n\n\n\n<p>Han aprovechado tambi\u00e9n para hacer peque\u00f1as pausas, compartir una comida y comentar las emociones vividas despu\u00e9s de cada atracci\u00f3n. Este tipo de actividades son mucho m\u00e1s que diversi\u00f3n: son espacios que ayudan a crecer como grupo, a fortalecer relaciones y a vivir experiencias que unen.<\/p>\n\n\n\n<div class=\"wp-block-columns is-layout-flex wp-container-core-columns-is-layout-9d6595d7 wp-block-columns-is-layout-flex\">\n<div class=\"wp-block-column is-layout-flow wp-block-column-is-layout-flow\" style=\"flex-basis:100%\">\n<div class=\"wp-block-group\"><div class=\"wp-block-group__inner-container is-layout-constrained wp-block-group-is-layout-constrained\">\n<div class=\"wp-block-columns is-layout-flex wp-container-core-columns-is-layout-9d6595d7 wp-block-columns-is-layout-flex\">\n<div class=\"wp-block-column is-layout-flow wp-block-column-is-layout-flow\" style=\"flex-basis:100%\">\n<div class=\"wp-block-columns is-layout-flex wp-container-core-columns-is-layout-9d6595d7 wp-block-columns-is-layout-flex\">\n<div class=\"wp-block-column is-layout-flow wp-block-column-is-layout-flow\" style=\"flex-basis:66.66%\">\n<figure class=\"wp-block-gallery has-nested-images columns-default is-cropped wp-block-gallery-1 is-layout-flex wp-block-gallery-is-layout-flex\">\n<figure class=\"wp-block-image size-large\"><img loading=\"lazy\" decoding=\"async\" width=\"1200\" height=\"675\" data-id=\"5716\" src=\"https:\/\/www.iniciatives.org\/wp-content\/uploads\/2025\/11\/Diseno-sin-titulo-3-1200x675.png\" alt=\"\" class=\"wp-image-5716\" srcset=\"https:\/\/www.iniciatives.org\/wp-content\/uploads\/2025\/11\/Diseno-sin-titulo-3-1200x675.png 1200w, https:\/\/www.iniciatives.org\/wp-content\/uploads\/2025\/11\/Diseno-sin-titulo-3-800x450.png 800w, https:\/\/www.iniciatives.org\/wp-content\/uploads\/2025\/11\/Diseno-sin-titulo-3-768x432.png 768w, https:\/\/www.iniciatives.org\/wp-content\/uploads\/2025\/11\/Diseno-sin-titulo-3-1536x864.png 1536w, https:\/\/www.iniciatives.org\/wp-content\/uploads\/2025\/11\/Diseno-sin-titulo-3.png 1600w\" sizes=\"auto, (max-width: 1200px) 100vw, 1200px\" \/><\/figure>\n<\/figure>\n<\/div>\n\n\n\n<div class=\"wp-block-column is-layout-flow wp-block-column-is-layout-flow\" style=\"flex-basis:33.33%\">\n<figure class=\"wp-block-image size-large\"><img loading=\"lazy\" decoding=\"async\" width=\"900\" height=\"1200\" src=\"https:\/\/www.iniciatives.org\/wp-content\/uploads\/2025\/11\/Imagen-de-WhatsApp-2025-11-18-a-las-15.40.12_adea360b-3-900x1200.jpg\" alt=\"\" class=\"wp-image-5718\" srcset=\"https:\/\/www.iniciatives.org\/wp-content\/uploads\/2025\/11\/Imagen-de-WhatsApp-2025-11-18-a-las-15.40.12_adea360b-3-900x1200.jpg 900w, https:\/\/www.iniciatives.org\/wp-content\/uploads\/2025\/11\/Imagen-de-WhatsApp-2025-11-18-a-las-15.40.12_adea360b-3-600x800.jpg 600w, https:\/\/www.iniciatives.org\/wp-content\/uploads\/2025\/11\/Imagen-de-WhatsApp-2025-11-18-a-las-15.40.12_adea360b-3-768x1024.jpg 768w, https:\/\/www.iniciatives.org\/wp-content\/uploads\/2025\/11\/Imagen-de-WhatsApp-2025-11-18-a-las-15.40.12_adea360b-3-1152x1536.jpg 1152w, https:\/\/www.iniciatives.org\/wp-content\/uploads\/2025\/11\/Imagen-de-WhatsApp-2025-11-18-a-las-15.40.12_adea360b-3.jpg 1200w\" sizes=\"auto, (max-width: 900px) 100vw, 900px\" \/><\/figure>\n<\/div>\n<\/div>\n<\/div>\n<\/div>\n<\/div><\/div>\n<\/div>\n<\/div>\n\n\n\n<p>Y finalmente, la Llar\u00a0Costabona, durante estas fiestas de Navidad, han vivido momentos llenos de alegr\u00eda y convivencia! Han aprovechado estos d\u00edas para organizar varias actividades pensadas para que los j\u00f3venes disfruten de un ocio saludable, a la vez que refuerzan los v\u00ednculos entre ellos y con el equipo educativo.<\/p>\n\n\n\n<p>Una de las salidas m\u00e1s esperadas ha sido ir al\u00a0salting, donde han saltado sin cesar, compartiendo risas y energ\u00eda positiva. Tambi\u00e9n han visitado el Tibidabo, un espacio emblem\u00e1tico con unas vistas espectaculares y atracciones llenas de emoci\u00f3n. Estas experiencias no solo han sido divertidas, sino que han servido para fomentar la cohesi\u00f3n del grupo y crear recuerdos que perdurar\u00e1n.<\/p>\n\n\n\n<p>Adem\u00e1s, han trabajado la integraci\u00f3n y la participaci\u00f3n activa en las tradiciones de Navidad. Los j\u00f3venes han estado protagonistas en actividades relacionadas con el Papa Noel\u00a0y Reyes Magos, preparando detalles y viviendo la magia de estas fechas. Y como sorpresa final, han podido disfrutar del regalo estrella: un futbol\u00edn! Una incorporaci\u00f3n que seguro se convertir\u00e1 en el punto de encuentro para momentos de juego, camarader\u00eda y diversi\u00f3n dentro de la llar.<\/p>\n\n\n\n<p>Esta Navidad han sido mucho m\u00e1s que actividades: ha sido una oportunidad para crecer juntos, compartir culturas y reforzar los lazos que los unen como comunidad.<\/p>\n\n\n<div class=\"wp-block-image\">\n<figure class=\"aligncenter size-large is-resized\"><img loading=\"lazy\" decoding=\"async\" width=\"1200\" height=\"900\" src=\"https:\/\/www.iniciatives.org\/wp-content\/uploads\/2025\/11\/Imagen-de-WhatsApp-2025-11-18-a-las-15.41.06_a04f3667-1200x900.jpg\" alt=\"\" class=\"wp-image-5692\" style=\"width:548px;height:auto\" srcset=\"https:\/\/www.iniciatives.org\/wp-content\/uploads\/2025\/11\/Imagen-de-WhatsApp-2025-11-18-a-las-15.41.06_a04f3667-1200x900.jpg 1200w, https:\/\/www.iniciatives.org\/wp-content\/uploads\/2025\/11\/Imagen-de-WhatsApp-2025-11-18-a-las-15.41.06_a04f3667-800x600.jpg 800w, https:\/\/www.iniciatives.org\/wp-content\/uploads\/2025\/11\/Imagen-de-WhatsApp-2025-11-18-a-las-15.41.06_a04f3667-768x576.jpg 768w, https:\/\/www.iniciatives.org\/wp-content\/uploads\/2025\/11\/Imagen-de-WhatsApp-2025-11-18-a-las-15.41.06_a04f3667-1536x1152.jpg 1536w, https:\/\/www.iniciatives.org\/wp-content\/uploads\/2025\/11\/Imagen-de-WhatsApp-2025-11-18-a-las-15.41.06_a04f3667.jpg 1600w\" sizes=\"auto, (max-width: 1200px) 100vw, 1200px\" \/><\/figure><\/div>","protected":false},"excerpt":{"rendered":"<p>En primer lugar, las familias del Programa Nausica, de Iniciatives y de\u00a0CCAR, han vivido una jornada muy especial celebrando juntos la fiesta de Navidad. La actividad ha empezado con una inmersi\u00f3n m\u00e1gica en la casa de jengibre, un espacio decorado con caramelos, golosinas y colores que ha cautivado grandes y peque\u00f1os. En este entorno tan&hellip;&nbsp;<a href=\"https:\/\/www.iniciatives.org\/es\/da-la-bienvenida-al-ano-con-actividades-especiales-en-iniciatives\/\" rel=\"bookmark\">Leer m\u00e1s &raquo;<span class=\"screen-reader-text\">Da la bienvenida al a\u00f1o con actividades especiales en Iniciatives<\/span><\/a><\/p>\n","protected":false},"author":3,"featured_media":5903,"comment_status":"closed","ping_status":"open","sticky":false,"template":"","format":"standard","meta":{"_eb_attr":"","neve_meta_sidebar":"full-width","neve_meta_container":"contained","neve_meta_enable_content_width":"","neve_meta_content_width":0,"neve_meta_title_alignment":"","neve_meta_author_avatar":"on","neve_post_elements_order":"[\"title\",\"meta\",\"thumbnail\",\"content\",\"tags\",\"comments\"]","neve_meta_disable_header":"on","neve_meta_disable_footer":"","neve_meta_disable_title":"","footnotes":""},"categories":[15],"tags":[],"class_list":["post-5713","post","type-post","status-publish","format-standard","has-post-thumbnail","hentry","category-sin-categorizar"],"yoast_head":"<!-- This site is optimized with the Yoast SEO plugin v25.4 - https:\/\/yoast.com\/wordpress\/plugins\/seo\/ -->\n<title>Da la bienvenida al a\u00f1o con actividades especiales en Iniciatives - Iniciatives Solid\u00e0ries<\/title>\n<meta name=\"robots\" content=\"index, follow, max-snippet:-1, max-image-preview:large, max-video-preview:-1\" \/>\n<link rel=\"canonical\" href=\"https:\/\/www.iniciatives.org\/es\/da-la-bienvenida-al-ano-con-actividades-especiales-en-iniciatives\/\" \/>\n<meta property=\"og:locale\" content=\"es_ES\" \/>\n<meta property=\"og:type\" content=\"article\" \/>\n<meta property=\"og:title\" content=\"Da la bienvenida al a\u00f1o con actividades especiales en Iniciatives - Iniciatives Solid\u00e0ries\" \/>\n<meta property=\"og:description\" content=\"En primer lugar, las familias del Programa Nausica, de Iniciatives y de\u00a0CCAR, han vivido una jornada muy especial celebrando juntos la fiesta de Navidad. La actividad ha empezado con una inmersi\u00f3n m\u00e1gica en la casa de jengibre, un espacio decorado con caramelos, golosinas y colores que ha cautivado grandes y peque\u00f1os. En este entorno tan&hellip;&nbsp;Leer m\u00e1s &raquo;Da la bienvenida al a\u00f1o con actividades especiales en Iniciatives\" \/>\n<meta property=\"og:url\" content=\"https:\/\/www.iniciatives.org\/es\/da-la-bienvenida-al-ano-con-actividades-especiales-en-iniciatives\/\" \/>\n<meta property=\"og:site_name\" content=\"Iniciatives Solid\u00e0ries\" \/>\n<meta property=\"article:published_time\" content=\"2025-01-03T10:48:00+00:00\" \/>\n<meta property=\"article:modified_time\" content=\"2025-11-26T07:35:46+00:00\" \/>\n<meta property=\"og:image\" content=\"https:\/\/www.iniciatives.org\/wp-content\/uploads\/2025\/01\/2025.4.png\" \/>\n\t<meta property=\"og:image:width\" content=\"1200\" \/>\n\t<meta property=\"og:image:height\" content=\"800\" \/>\n\t<meta property=\"og:image:type\" content=\"image\/png\" \/>\n<meta name=\"author\" content=\"marta\" \/>\n<meta name=\"twitter:card\" content=\"summary_large_image\" \/>\n<meta name=\"twitter:label1\" content=\"Escrito por\" \/>\n\t<meta name=\"twitter:data1\" content=\"marta\" \/>\n\t<meta name=\"twitter:label2\" content=\"Tiempo de lectura\" \/>\n\t<meta name=\"twitter:data2\" content=\"5 minutos\" \/>\n<script type=\"application\/ld+json\" class=\"yoast-schema-graph\">{\"@context\":\"https:\/\/schema.org\",\"@graph\":[{\"@type\":\"WebPage\",\"@id\":\"https:\/\/www.iniciatives.org\/es\/da-la-bienvenida-al-ano-con-actividades-especiales-en-iniciatives\/\",\"url\":\"https:\/\/www.iniciatives.org\/es\/da-la-bienvenida-al-ano-con-actividades-especiales-en-iniciatives\/\",\"name\":\"Da la bienvenida al a\u00f1o con actividades especiales en Iniciatives - Iniciatives Solid\u00e0ries\",\"isPartOf\":{\"@id\":\"https:\/\/www.iniciatives.org\/#website\"},\"primaryImageOfPage\":{\"@id\":\"https:\/\/www.iniciatives.org\/es\/da-la-bienvenida-al-ano-con-actividades-especiales-en-iniciatives\/#primaryimage\"},\"image\":{\"@id\":\"https:\/\/www.iniciatives.org\/es\/da-la-bienvenida-al-ano-con-actividades-especiales-en-iniciatives\/#primaryimage\"},\"thumbnailUrl\":\"https:\/\/www.iniciatives.org\/wp-content\/uploads\/2025\/01\/2025.4.png\",\"datePublished\":\"2025-01-03T10:48:00+00:00\",\"dateModified\":\"2025-11-26T07:35:46+00:00\",\"author\":{\"@id\":\"https:\/\/www.iniciatives.org\/#\/schema\/person\/6b6b53abb46095f47a6b492083695855\"},\"breadcrumb\":{\"@id\":\"https:\/\/www.iniciatives.org\/es\/da-la-bienvenida-al-ano-con-actividades-especiales-en-iniciatives\/#breadcrumb\"},\"inLanguage\":\"es\",\"potentialAction\":[{\"@type\":\"ReadAction\",\"target\":[\"https:\/\/www.iniciatives.org\/es\/da-la-bienvenida-al-ano-con-actividades-especiales-en-iniciatives\/\"]}]},{\"@type\":\"ImageObject\",\"inLanguage\":\"es\",\"@id\":\"https:\/\/www.iniciatives.org\/es\/da-la-bienvenida-al-ano-con-actividades-especiales-en-iniciatives\/#primaryimage\",\"url\":\"https:\/\/www.iniciatives.org\/wp-content\/uploads\/2025\/01\/2025.4.png\",\"contentUrl\":\"https:\/\/www.iniciatives.org\/wp-content\/uploads\/2025\/01\/2025.4.png\",\"width\":1200,\"height\":800},{\"@type\":\"BreadcrumbList\",\"@id\":\"https:\/\/www.iniciatives.org\/es\/da-la-bienvenida-al-ano-con-actividades-especiales-en-iniciatives\/#breadcrumb\",\"itemListElement\":[{\"@type\":\"ListItem\",\"position\":1,\"name\":\"Inici\",\"item\":\"https:\/\/www.iniciatives.org\/es\/\"},{\"@type\":\"ListItem\",\"position\":2,\"name\":\"Da la bienvenida al a\u00f1o con actividades especiales en Iniciatives\"}]},{\"@type\":\"WebSite\",\"@id\":\"https:\/\/www.iniciatives.org\/#website\",\"url\":\"https:\/\/www.iniciatives.org\/\",\"name\":\"Iniciatives Solid\u00e0ries\",\"description\":\"Iniciatives Solid\u00e0ries \u00e9s una ONG d\u2019acci\u00f3 social, acolliment i inserci\u00f3 social\",\"potentialAction\":[{\"@type\":\"SearchAction\",\"target\":{\"@type\":\"EntryPoint\",\"urlTemplate\":\"https:\/\/www.iniciatives.org\/?s={search_term_string}\"},\"query-input\":{\"@type\":\"PropertyValueSpecification\",\"valueRequired\":true,\"valueName\":\"search_term_string\"}}],\"inLanguage\":\"es\"},{\"@type\":\"Person\",\"@id\":\"https:\/\/www.iniciatives.org\/#\/schema\/person\/6b6b53abb46095f47a6b492083695855\",\"name\":\"marta\",\"image\":{\"@type\":\"ImageObject\",\"inLanguage\":\"es\",\"@id\":\"https:\/\/www.iniciatives.org\/#\/schema\/person\/image\/\",\"url\":\"https:\/\/secure.gravatar.com\/avatar\/a0c1939c897a5dff40c633421ff039f2ae4b3bb420c6db4a2f86e965bb90d93f?s=96&d=mm&r=g\",\"contentUrl\":\"https:\/\/secure.gravatar.com\/avatar\/a0c1939c897a5dff40c633421ff039f2ae4b3bb420c6db4a2f86e965bb90d93f?s=96&d=mm&r=g\",\"caption\":\"marta\"},\"url\":\"https:\/\/www.iniciatives.org\/es\/author\/marta\/\"}]}<\/script>\n<!-- \/ Yoast SEO plugin. -->","yoast_head_json":{"title":"Da la bienvenida al a\u00f1o con actividades especiales en Iniciatives - Iniciatives Solid\u00e0ries","robots":{"index":"index","follow":"follow","max-snippet":"max-snippet:-1","max-image-preview":"max-image-preview:large","max-video-preview":"max-video-preview:-1"},"canonical":"https:\/\/www.iniciatives.org\/es\/da-la-bienvenida-al-ano-con-actividades-especiales-en-iniciatives\/","og_locale":"es_ES","og_type":"article","og_title":"Da la bienvenida al a\u00f1o con actividades especiales en Iniciatives - Iniciatives Solid\u00e0ries","og_description":"En primer lugar, las familias del Programa Nausica, de Iniciatives y de\u00a0CCAR, han vivido una jornada muy especial celebrando juntos la fiesta de Navidad. La actividad ha empezado con una inmersi\u00f3n m\u00e1gica en la casa de jengibre, un espacio decorado con caramelos, golosinas y colores que ha cautivado grandes y peque\u00f1os. En este entorno tan&hellip;&nbsp;Leer m\u00e1s &raquo;Da la bienvenida al a\u00f1o con actividades especiales en Iniciatives","og_url":"https:\/\/www.iniciatives.org\/es\/da-la-bienvenida-al-ano-con-actividades-especiales-en-iniciatives\/","og_site_name":"Iniciatives Solid\u00e0ries","article_published_time":"2025-01-03T10:48:00+00:00","article_modified_time":"2025-11-26T07:35:46+00:00","og_image":[{"width":1200,"height":800,"url":"https:\/\/www.iniciatives.org\/wp-content\/uploads\/2025\/01\/2025.4.png","type":"image\/png"}],"author":"marta","twitter_card":"summary_large_image","twitter_misc":{"Escrito por":"marta","Tiempo de lectura":"5 minutos"},"schema":{"@context":"https:\/\/schema.org","@graph":[{"@type":"WebPage","@id":"https:\/\/www.iniciatives.org\/es\/da-la-bienvenida-al-ano-con-actividades-especiales-en-iniciatives\/","url":"https:\/\/www.iniciatives.org\/es\/da-la-bienvenida-al-ano-con-actividades-especiales-en-iniciatives\/","name":"Da la bienvenida al a\u00f1o con actividades especiales en Iniciatives - Iniciatives Solid\u00e0ries","isPartOf":{"@id":"https:\/\/www.iniciatives.org\/#website"},"primaryImageOfPage":{"@id":"https:\/\/www.iniciatives.org\/es\/da-la-bienvenida-al-ano-con-actividades-especiales-en-iniciatives\/#primaryimage"},"image":{"@id":"https:\/\/www.iniciatives.org\/es\/da-la-bienvenida-al-ano-con-actividades-especiales-en-iniciatives\/#primaryimage"},"thumbnailUrl":"https:\/\/www.iniciatives.org\/wp-content\/uploads\/2025\/01\/2025.4.png","datePublished":"2025-01-03T10:48:00+00:00","dateModified":"2025-11-26T07:35:46+00:00","author":{"@id":"https:\/\/www.iniciatives.org\/#\/schema\/person\/6b6b53abb46095f47a6b492083695855"},"breadcrumb":{"@id":"https:\/\/www.iniciatives.org\/es\/da-la-bienvenida-al-ano-con-actividades-especiales-en-iniciatives\/#breadcrumb"},"inLanguage":"es","potentialAction":[{"@type":"ReadAction","target":["https:\/\/www.iniciatives.org\/es\/da-la-bienvenida-al-ano-con-actividades-especiales-en-iniciatives\/"]}]},{"@type":"ImageObject","inLanguage":"es","@id":"https:\/\/www.iniciatives.org\/es\/da-la-bienvenida-al-ano-con-actividades-especiales-en-iniciatives\/#primaryimage","url":"https:\/\/www.iniciatives.org\/wp-content\/uploads\/2025\/01\/2025.4.png","contentUrl":"https:\/\/www.iniciatives.org\/wp-content\/uploads\/2025\/01\/2025.4.png","width":1200,"height":800},{"@type":"BreadcrumbList","@id":"https:\/\/www.iniciatives.org\/es\/da-la-bienvenida-al-ano-con-actividades-especiales-en-iniciatives\/#breadcrumb","itemListElement":[{"@type":"ListItem","position":1,"name":"Inici","item":"https:\/\/www.iniciatives.org\/es\/"},{"@type":"ListItem","position":2,"name":"Da la bienvenida al a\u00f1o con actividades especiales en Iniciatives"}]},{"@type":"WebSite","@id":"https:\/\/www.iniciatives.org\/#website","url":"https:\/\/www.iniciatives.org\/","name":"Iniciatives Solid\u00e0ries","description":"Iniciatives Solid\u00e0ries \u00e9s una ONG d\u2019acci\u00f3 social, acolliment i inserci\u00f3 social","potentialAction":[{"@type":"SearchAction","target":{"@type":"EntryPoint","urlTemplate":"https:\/\/www.iniciatives.org\/?s={search_term_string}"},"query-input":{"@type":"PropertyValueSpecification","valueRequired":true,"valueName":"search_term_string"}}],"inLanguage":"es"},{"@type":"Person","@id":"https:\/\/www.iniciatives.org\/#\/schema\/person\/6b6b53abb46095f47a6b492083695855","name":"marta","image":{"@type":"ImageObject","inLanguage":"es","@id":"https:\/\/www.iniciatives.org\/#\/schema\/person\/image\/","url":"https:\/\/secure.gravatar.com\/avatar\/a0c1939c897a5dff40c633421ff039f2ae4b3bb420c6db4a2f86e965bb90d93f?s=96&d=mm&r=g","contentUrl":"https:\/\/secure.gravatar.com\/avatar\/a0c1939c897a5dff40c633421ff039f2ae4b3bb420c6db4a2f86e965bb90d93f?s=96&d=mm&r=g","caption":"marta"},"url":"https:\/\/www.iniciatives.org\/es\/author\/marta\/"}]}},"_links":{"self":[{"href":"https:\/\/www.iniciatives.org\/es\/wp-json\/wp\/v2\/posts\/5713","targetHints":{"allow":["GET"]}}],"collection":[{"href":"https:\/\/www.iniciatives.org\/es\/wp-json\/wp\/v2\/posts"}],"about":[{"href":"https:\/\/www.iniciatives.org\/es\/wp-json\/wp\/v2\/types\/post"}],"author":[{"embeddable":true,"href":"https:\/\/www.iniciatives.org\/es\/wp-json\/wp\/v2\/users\/3"}],"replies":[{"embeddable":true,"href":"https:\/\/www.iniciatives.org\/es\/wp-json\/wp\/v2\/comments?post=5713"}],"version-history":[{"count":6,"href":"https:\/\/www.iniciatives.org\/es\/wp-json\/wp\/v2\/posts\/5713\/revisions"}],"predecessor-version":[{"id":5733,"href":"https:\/\/www.iniciatives.org\/es\/wp-json\/wp\/v2\/posts\/5713\/revisions\/5733"}],"wp:featuredmedia":[{"embeddable":true,"href":"https:\/\/www.iniciatives.org\/es\/wp-json\/wp\/v2\/media\/5903"}],"wp:attachment":[{"href":"https:\/\/www.iniciatives.org\/es\/wp-json\/wp\/v2\/media?parent=5713"}],"wp:term":[{"taxonomy":"category","embeddable":true,"href":"https:\/\/www.iniciatives.org\/es\/wp-json\/wp\/v2\/categories?post=5713"},{"taxonomy":"post_tag","embeddable":true,"href":"https:\/\/www.iniciatives.org\/es\/wp-json\/wp\/v2\/tags?post=5713"}],"curies":[{"name":"wp","href":"https:\/\/api.w.org\/{rel}","templated":true}]}}