

{"id":5747,"date":"2025-02-20T14:31:00","date_gmt":"2025-02-20T13:31:00","guid":{"rendered":"https:\/\/www.iniciatives.org\/?p=5747"},"modified":"2025-11-21T14:39:51","modified_gmt":"2025-11-21T13:39:51","slug":"emociones-al-volante-y-reflexiones-sobre-lopivi-con-la-muntanyeta-y-la-llar-bellmunt","status":"publish","type":"post","link":"https:\/\/www.iniciatives.org\/es\/emociones-al-volante-y-reflexiones-sobre-lopivi-con-la-muntanyeta-y-la-llar-bellmunt\/","title":{"rendered":"Emociones al volante y reflexiones sobre\u00a0LOPIVI\u00a0con La\u00a0Muntanyeta\u00a0y\u00a0la Llar Bellmunt"},"content":{"rendered":"\n<p>Durante el mes de febrero, a la Llar la\u00a0Muntanyeta, las chicas han tenido la oportunidad de vivir una experiencia llena de emoci\u00f3n y diversi\u00f3n. Han estado calentando motores en el circuito de\u00a0k\u00e0rting, donde han podido ponerse al volante y sentir de primera mano la sensaci\u00f3n de conducir a gran velocidad en un entorno seguro y perfectamente controlado.<\/p>\n\n\n\n<p>La actividad ha sido una manera fant\u00e1stica de romper la rutina, compartir risas y reforzar la confianza en ellas mismas, puesto que cada una ha podido superar peque\u00f1os retos personales mientras disfrutaban de la conducci\u00f3n. Adem\u00e1s, el ambiente ha estado inmejorable: compa\u00f1erismo, entusiasmo y muchas ganas de repetir. En definitiva, ha sido una experiencia que combina adrenalina, aprendizaje y diversi\u00f3n, y que ha dejado un recuerdo muy especial en todas las participantes.<\/p>\n\n\n<div class=\"wp-block-image\">\n<figure class=\"aligncenter size-large is-resized\"><img loading=\"lazy\" decoding=\"async\" width=\"960\" height=\"1200\" src=\"https:\/\/www.iniciatives.org\/wp-content\/uploads\/2025\/11\/Minimalist-Simple-Nature-Photo-Collage-Instagram-Post-1-960x1200.png\" alt=\"\" class=\"wp-image-5737\" style=\"width:407px;height:auto\" srcset=\"https:\/\/www.iniciatives.org\/wp-content\/uploads\/2025\/11\/Minimalist-Simple-Nature-Photo-Collage-Instagram-Post-1-960x1200.png 960w, https:\/\/www.iniciatives.org\/wp-content\/uploads\/2025\/11\/Minimalist-Simple-Nature-Photo-Collage-Instagram-Post-1-640x800.png 640w, https:\/\/www.iniciatives.org\/wp-content\/uploads\/2025\/11\/Minimalist-Simple-Nature-Photo-Collage-Instagram-Post-1-768x960.png 768w, https:\/\/www.iniciatives.org\/wp-content\/uploads\/2025\/11\/Minimalist-Simple-Nature-Photo-Collage-Instagram-Post-1.png 1080w\" sizes=\"auto, (max-width: 960px) 100vw, 960px\" \/><\/figure><\/div>\n\n\n<figure class=\"wp-block-pullquote has-border-color has-nv-site-bg-border-color\" style=\"font-size:0px\"><blockquote><p><\/p><\/blockquote><\/figure>\n\n\n\n<p>Por otro lado, se realiz\u00f3 la jornada sobre la\u00a0LOPIVI: atenci\u00f3n a los ni\u00f1os en situaci\u00f3n de sinhogarismo: Retos, obst\u00e1culos y propuestas de futuro.<br><br>La Fundaci\u00f3n particip\u00f3 en la elaboraci\u00f3n de esta junto con otras entidades sociales que participan en el grupo de familias que est\u00e1n dentro de la red de atenci\u00f3n a personas sin hogar. La referente del piso asistido para mayores de 18 a\u00f1os, Llar Bellmunt, adem\u00e1s dinamiz\u00f3 uno de los tres grupos de trabajo fomentando el debate y el intercambio de propuestas. La referente del piso asistido para j\u00f3venes, La\u00a0Muntanyeta, asisti\u00f3 como participante de la jornada.<br><br>Fue una jornada de trabajo interno con profesionales de las entidades sociales que forman parte de la red y que acompa\u00f1an a menores de edad. La jornada permiti\u00f3 analizar las diferentes leyes actuales, desde el Convenio de los ni\u00f1os hasta la\u00a0LOPIVI\u00a0(Ley Org\u00e1nica de protecci\u00f3n integral a la infancia y la adolescencia frente a la violencia) y en qu\u00e9 punto estamos las entidades implement\u00e1ndola en los recursos.<\/p>\n\n\n\n<figure class=\"wp-block-gallery has-nested-images columns-default is-cropped wp-block-gallery-1 is-layout-flex wp-block-gallery-is-layout-flex\">\n<figure class=\"wp-block-image size-large is-resized\"><img loading=\"lazy\" decoding=\"async\" width=\"900\" height=\"1200\" data-id=\"5739\" src=\"https:\/\/www.iniciatives.org\/wp-content\/uploads\/2025\/11\/Imagen-de-WhatsApp-2025-11-21-a-las-11.51.33_01e44901-900x1200.jpg\" alt=\"\" class=\"wp-image-5739\" style=\"aspect-ratio:0.7500064960374172;width:337px;height:auto\" srcset=\"https:\/\/www.iniciatives.org\/wp-content\/uploads\/2025\/11\/Imagen-de-WhatsApp-2025-11-21-a-las-11.51.33_01e44901-900x1200.jpg 900w, https:\/\/www.iniciatives.org\/wp-content\/uploads\/2025\/11\/Imagen-de-WhatsApp-2025-11-21-a-las-11.51.33_01e44901-600x800.jpg 600w, https:\/\/www.iniciatives.org\/wp-content\/uploads\/2025\/11\/Imagen-de-WhatsApp-2025-11-21-a-las-11.51.33_01e44901-768x1024.jpg 768w, https:\/\/www.iniciatives.org\/wp-content\/uploads\/2025\/11\/Imagen-de-WhatsApp-2025-11-21-a-las-11.51.33_01e44901-1152x1536.jpg 1152w, https:\/\/www.iniciatives.org\/wp-content\/uploads\/2025\/11\/Imagen-de-WhatsApp-2025-11-21-a-las-11.51.33_01e44901.jpg 1200w\" sizes=\"auto, (max-width: 900px) 100vw, 900px\" \/><\/figure>\n\n\n\n<figure class=\"wp-block-image size-large is-resized\"><img loading=\"lazy\" decoding=\"async\" width=\"900\" height=\"1200\" data-id=\"5741\" src=\"https:\/\/www.iniciatives.org\/wp-content\/uploads\/2025\/11\/Imagen-de-WhatsApp-2025-11-21-a-las-11.51.33_f41ebb9b-900x1200.jpg\" alt=\"\" class=\"wp-image-5741\" style=\"aspect-ratio:0.7500051579360003;width:333px;height:auto\" srcset=\"https:\/\/www.iniciatives.org\/wp-content\/uploads\/2025\/11\/Imagen-de-WhatsApp-2025-11-21-a-las-11.51.33_f41ebb9b-900x1200.jpg 900w, https:\/\/www.iniciatives.org\/wp-content\/uploads\/2025\/11\/Imagen-de-WhatsApp-2025-11-21-a-las-11.51.33_f41ebb9b-600x800.jpg 600w, https:\/\/www.iniciatives.org\/wp-content\/uploads\/2025\/11\/Imagen-de-WhatsApp-2025-11-21-a-las-11.51.33_f41ebb9b-768x1024.jpg 768w, https:\/\/www.iniciatives.org\/wp-content\/uploads\/2025\/11\/Imagen-de-WhatsApp-2025-11-21-a-las-11.51.33_f41ebb9b-1152x1536.jpg 1152w, https:\/\/www.iniciatives.org\/wp-content\/uploads\/2025\/11\/Imagen-de-WhatsApp-2025-11-21-a-las-11.51.33_f41ebb9b.jpg 1500w\" sizes=\"auto, (max-width: 900px) 100vw, 900px\" \/><\/figure>\n<\/figure>\n","protected":false},"excerpt":{"rendered":"<p>Durante el mes de febrero, a la Llar la\u00a0Muntanyeta, las chicas han tenido la oportunidad de vivir una experiencia llena de emoci\u00f3n y diversi\u00f3n. Han estado calentando motores en el circuito de\u00a0k\u00e0rting, donde han podido ponerse al volante y sentir de primera mano la sensaci\u00f3n de conducir a gran velocidad en un entorno seguro y&hellip;&nbsp;<a href=\"https:\/\/www.iniciatives.org\/es\/emociones-al-volante-y-reflexiones-sobre-lopivi-con-la-muntanyeta-y-la-llar-bellmunt\/\" rel=\"bookmark\">Leer m\u00e1s &raquo;<span class=\"screen-reader-text\">Emociones al volante y reflexiones sobre\u00a0LOPIVI\u00a0con La\u00a0Muntanyeta\u00a0y\u00a0la Llar Bellmunt<\/span><\/a><\/p>\n","protected":false},"author":3,"featured_media":5746,"comment_status":"closed","ping_status":"open","sticky":false,"template":"","format":"standard","meta":{"_eb_attr":"","neve_meta_sidebar":"","neve_meta_container":"","neve_meta_enable_content_width":"","neve_meta_content_width":0,"neve_meta_title_alignment":"","neve_meta_author_avatar":"","neve_post_elements_order":"","neve_meta_disable_header":"","neve_meta_disable_footer":"","neve_meta_disable_title":"","footnotes":""},"categories":[15],"tags":[],"class_list":["post-5747","post","type-post","status-publish","format-standard","has-post-thumbnail","hentry","category-sin-categorizar"],"yoast_head":"<!-- This site is optimized with the Yoast SEO plugin v25.4 - https:\/\/yoast.com\/wordpress\/plugins\/seo\/ -->\n<title>Emociones al volante y reflexiones sobre\u00a0LOPIVI\u00a0con La\u00a0Muntanyeta\u00a0y\u00a0la Llar Bellmunt - Iniciatives Solid\u00e0ries<\/title>\n<meta name=\"robots\" content=\"index, follow, max-snippet:-1, max-image-preview:large, max-video-preview:-1\" \/>\n<link rel=\"canonical\" href=\"https:\/\/www.iniciatives.org\/es\/emociones-al-volante-y-reflexiones-sobre-lopivi-con-la-muntanyeta-y-la-llar-bellmunt\/\" \/>\n<meta property=\"og:locale\" content=\"es_ES\" \/>\n<meta property=\"og:type\" content=\"article\" \/>\n<meta property=\"og:title\" content=\"Emociones al volante y reflexiones sobre\u00a0LOPIVI\u00a0con La\u00a0Muntanyeta\u00a0y\u00a0la Llar Bellmunt - Iniciatives Solid\u00e0ries\" \/>\n<meta property=\"og:description\" content=\"Durante el mes de febrero, a la Llar la\u00a0Muntanyeta, las chicas han tenido la oportunidad de vivir una experiencia llena de emoci\u00f3n y diversi\u00f3n. Han estado calentando motores en el circuito de\u00a0k\u00e0rting, donde han podido ponerse al volante y sentir de primera mano la sensaci\u00f3n de conducir a gran velocidad en un entorno seguro y&hellip;&nbsp;Leer m\u00e1s &raquo;Emociones al volante y reflexiones sobre\u00a0LOPIVI\u00a0con La\u00a0Muntanyeta\u00a0y\u00a0la Llar Bellmunt\" \/>\n<meta property=\"og:url\" content=\"https:\/\/www.iniciatives.org\/es\/emociones-al-volante-y-reflexiones-sobre-lopivi-con-la-muntanyeta-y-la-llar-bellmunt\/\" \/>\n<meta property=\"og:site_name\" content=\"Iniciatives Solid\u00e0ries\" \/>\n<meta property=\"article:published_time\" content=\"2025-02-20T13:31:00+00:00\" \/>\n<meta property=\"article:modified_time\" content=\"2025-11-21T13:39:51+00:00\" \/>\n<meta property=\"og:image\" content=\"https:\/\/www.iniciatives.org\/wp-content\/uploads\/2025\/11\/Imagen-de-WhatsApp-2025-11-21-a-las-11.51.33_612acb2a.jpg\" \/>\n\t<meta property=\"og:image:width\" content=\"2000\" \/>\n\t<meta property=\"og:image:height\" content=\"1500\" \/>\n\t<meta property=\"og:image:type\" content=\"image\/jpeg\" \/>\n<meta name=\"author\" content=\"marta\" \/>\n<meta name=\"twitter:card\" content=\"summary_large_image\" \/>\n<meta name=\"twitter:label1\" content=\"Escrito por\" \/>\n\t<meta name=\"twitter:data1\" content=\"marta\" \/>\n\t<meta name=\"twitter:label2\" content=\"Tiempo de lectura\" \/>\n\t<meta name=\"twitter:data2\" content=\"3 minutos\" \/>\n<script type=\"application\/ld+json\" class=\"yoast-schema-graph\">{\"@context\":\"https:\/\/schema.org\",\"@graph\":[{\"@type\":\"WebPage\",\"@id\":\"https:\/\/www.iniciatives.org\/es\/emociones-al-volante-y-reflexiones-sobre-lopivi-con-la-muntanyeta-y-la-llar-bellmunt\/\",\"url\":\"https:\/\/www.iniciatives.org\/es\/emociones-al-volante-y-reflexiones-sobre-lopivi-con-la-muntanyeta-y-la-llar-bellmunt\/\",\"name\":\"Emociones al volante y reflexiones sobre\u00a0LOPIVI\u00a0con La\u00a0Muntanyeta\u00a0y\u00a0la Llar Bellmunt - Iniciatives Solid\u00e0ries\",\"isPartOf\":{\"@id\":\"https:\/\/www.iniciatives.org\/#website\"},\"primaryImageOfPage\":{\"@id\":\"https:\/\/www.iniciatives.org\/es\/emociones-al-volante-y-reflexiones-sobre-lopivi-con-la-muntanyeta-y-la-llar-bellmunt\/#primaryimage\"},\"image\":{\"@id\":\"https:\/\/www.iniciatives.org\/es\/emociones-al-volante-y-reflexiones-sobre-lopivi-con-la-muntanyeta-y-la-llar-bellmunt\/#primaryimage\"},\"thumbnailUrl\":\"https:\/\/www.iniciatives.org\/wp-content\/uploads\/2025\/11\/Imagen-de-WhatsApp-2025-11-21-a-las-11.51.33_612acb2a.jpg\",\"datePublished\":\"2025-02-20T13:31:00+00:00\",\"dateModified\":\"2025-11-21T13:39:51+00:00\",\"author\":{\"@id\":\"https:\/\/www.iniciatives.org\/#\/schema\/person\/6b6b53abb46095f47a6b492083695855\"},\"breadcrumb\":{\"@id\":\"https:\/\/www.iniciatives.org\/es\/emociones-al-volante-y-reflexiones-sobre-lopivi-con-la-muntanyeta-y-la-llar-bellmunt\/#breadcrumb\"},\"inLanguage\":\"es\",\"potentialAction\":[{\"@type\":\"ReadAction\",\"target\":[\"https:\/\/www.iniciatives.org\/es\/emociones-al-volante-y-reflexiones-sobre-lopivi-con-la-muntanyeta-y-la-llar-bellmunt\/\"]}]},{\"@type\":\"ImageObject\",\"inLanguage\":\"es\",\"@id\":\"https:\/\/www.iniciatives.org\/es\/emociones-al-volante-y-reflexiones-sobre-lopivi-con-la-muntanyeta-y-la-llar-bellmunt\/#primaryimage\",\"url\":\"https:\/\/www.iniciatives.org\/wp-content\/uploads\/2025\/11\/Imagen-de-WhatsApp-2025-11-21-a-las-11.51.33_612acb2a.jpg\",\"contentUrl\":\"https:\/\/www.iniciatives.org\/wp-content\/uploads\/2025\/11\/Imagen-de-WhatsApp-2025-11-21-a-las-11.51.33_612acb2a.jpg\",\"width\":2000,\"height\":1500},{\"@type\":\"BreadcrumbList\",\"@id\":\"https:\/\/www.iniciatives.org\/es\/emociones-al-volante-y-reflexiones-sobre-lopivi-con-la-muntanyeta-y-la-llar-bellmunt\/#breadcrumb\",\"itemListElement\":[{\"@type\":\"ListItem\",\"position\":1,\"name\":\"Inici\",\"item\":\"https:\/\/www.iniciatives.org\/es\/\"},{\"@type\":\"ListItem\",\"position\":2,\"name\":\"Emociones al volante y reflexiones sobre\u00a0LOPIVI\u00a0con La\u00a0Muntanyeta\u00a0y\u00a0la Llar Bellmunt\"}]},{\"@type\":\"WebSite\",\"@id\":\"https:\/\/www.iniciatives.org\/#website\",\"url\":\"https:\/\/www.iniciatives.org\/\",\"name\":\"Iniciatives Solid\u00e0ries\",\"description\":\"Iniciatives Solid\u00e0ries \u00e9s una ONG d\u2019acci\u00f3 social, acolliment i inserci\u00f3 social\",\"potentialAction\":[{\"@type\":\"SearchAction\",\"target\":{\"@type\":\"EntryPoint\",\"urlTemplate\":\"https:\/\/www.iniciatives.org\/?s={search_term_string}\"},\"query-input\":{\"@type\":\"PropertyValueSpecification\",\"valueRequired\":true,\"valueName\":\"search_term_string\"}}],\"inLanguage\":\"es\"},{\"@type\":\"Person\",\"@id\":\"https:\/\/www.iniciatives.org\/#\/schema\/person\/6b6b53abb46095f47a6b492083695855\",\"name\":\"marta\",\"image\":{\"@type\":\"ImageObject\",\"inLanguage\":\"es\",\"@id\":\"https:\/\/www.iniciatives.org\/#\/schema\/person\/image\/\",\"url\":\"https:\/\/secure.gravatar.com\/avatar\/a0c1939c897a5dff40c633421ff039f2ae4b3bb420c6db4a2f86e965bb90d93f?s=96&d=mm&r=g\",\"contentUrl\":\"https:\/\/secure.gravatar.com\/avatar\/a0c1939c897a5dff40c633421ff039f2ae4b3bb420c6db4a2f86e965bb90d93f?s=96&d=mm&r=g\",\"caption\":\"marta\"},\"url\":\"https:\/\/www.iniciatives.org\/es\/author\/marta\/\"}]}<\/script>\n<!-- \/ Yoast SEO plugin. -->","yoast_head_json":{"title":"Emociones al volante y reflexiones sobre\u00a0LOPIVI\u00a0con La\u00a0Muntanyeta\u00a0y\u00a0la Llar Bellmunt - Iniciatives Solid\u00e0ries","robots":{"index":"index","follow":"follow","max-snippet":"max-snippet:-1","max-image-preview":"max-image-preview:large","max-video-preview":"max-video-preview:-1"},"canonical":"https:\/\/www.iniciatives.org\/es\/emociones-al-volante-y-reflexiones-sobre-lopivi-con-la-muntanyeta-y-la-llar-bellmunt\/","og_locale":"es_ES","og_type":"article","og_title":"Emociones al volante y reflexiones sobre\u00a0LOPIVI\u00a0con La\u00a0Muntanyeta\u00a0y\u00a0la Llar Bellmunt - Iniciatives Solid\u00e0ries","og_description":"Durante el mes de febrero, a la Llar la\u00a0Muntanyeta, las chicas han tenido la oportunidad de vivir una experiencia llena de emoci\u00f3n y diversi\u00f3n. Han estado calentando motores en el circuito de\u00a0k\u00e0rting, donde han podido ponerse al volante y sentir de primera mano la sensaci\u00f3n de conducir a gran velocidad en un entorno seguro y&hellip;&nbsp;Leer m\u00e1s &raquo;Emociones al volante y reflexiones sobre\u00a0LOPIVI\u00a0con La\u00a0Muntanyeta\u00a0y\u00a0la Llar Bellmunt","og_url":"https:\/\/www.iniciatives.org\/es\/emociones-al-volante-y-reflexiones-sobre-lopivi-con-la-muntanyeta-y-la-llar-bellmunt\/","og_site_name":"Iniciatives Solid\u00e0ries","article_published_time":"2025-02-20T13:31:00+00:00","article_modified_time":"2025-11-21T13:39:51+00:00","og_image":[{"width":2000,"height":1500,"url":"https:\/\/www.iniciatives.org\/wp-content\/uploads\/2025\/11\/Imagen-de-WhatsApp-2025-11-21-a-las-11.51.33_612acb2a.jpg","type":"image\/jpeg"}],"author":"marta","twitter_card":"summary_large_image","twitter_misc":{"Escrito por":"marta","Tiempo de lectura":"3 minutos"},"schema":{"@context":"https:\/\/schema.org","@graph":[{"@type":"WebPage","@id":"https:\/\/www.iniciatives.org\/es\/emociones-al-volante-y-reflexiones-sobre-lopivi-con-la-muntanyeta-y-la-llar-bellmunt\/","url":"https:\/\/www.iniciatives.org\/es\/emociones-al-volante-y-reflexiones-sobre-lopivi-con-la-muntanyeta-y-la-llar-bellmunt\/","name":"Emociones al volante y reflexiones sobre\u00a0LOPIVI\u00a0con La\u00a0Muntanyeta\u00a0y\u00a0la Llar Bellmunt - Iniciatives Solid\u00e0ries","isPartOf":{"@id":"https:\/\/www.iniciatives.org\/#website"},"primaryImageOfPage":{"@id":"https:\/\/www.iniciatives.org\/es\/emociones-al-volante-y-reflexiones-sobre-lopivi-con-la-muntanyeta-y-la-llar-bellmunt\/#primaryimage"},"image":{"@id":"https:\/\/www.iniciatives.org\/es\/emociones-al-volante-y-reflexiones-sobre-lopivi-con-la-muntanyeta-y-la-llar-bellmunt\/#primaryimage"},"thumbnailUrl":"https:\/\/www.iniciatives.org\/wp-content\/uploads\/2025\/11\/Imagen-de-WhatsApp-2025-11-21-a-las-11.51.33_612acb2a.jpg","datePublished":"2025-02-20T13:31:00+00:00","dateModified":"2025-11-21T13:39:51+00:00","author":{"@id":"https:\/\/www.iniciatives.org\/#\/schema\/person\/6b6b53abb46095f47a6b492083695855"},"breadcrumb":{"@id":"https:\/\/www.iniciatives.org\/es\/emociones-al-volante-y-reflexiones-sobre-lopivi-con-la-muntanyeta-y-la-llar-bellmunt\/#breadcrumb"},"inLanguage":"es","potentialAction":[{"@type":"ReadAction","target":["https:\/\/www.iniciatives.org\/es\/emociones-al-volante-y-reflexiones-sobre-lopivi-con-la-muntanyeta-y-la-llar-bellmunt\/"]}]},{"@type":"ImageObject","inLanguage":"es","@id":"https:\/\/www.iniciatives.org\/es\/emociones-al-volante-y-reflexiones-sobre-lopivi-con-la-muntanyeta-y-la-llar-bellmunt\/#primaryimage","url":"https:\/\/www.iniciatives.org\/wp-content\/uploads\/2025\/11\/Imagen-de-WhatsApp-2025-11-21-a-las-11.51.33_612acb2a.jpg","contentUrl":"https:\/\/www.iniciatives.org\/wp-content\/uploads\/2025\/11\/Imagen-de-WhatsApp-2025-11-21-a-las-11.51.33_612acb2a.jpg","width":2000,"height":1500},{"@type":"BreadcrumbList","@id":"https:\/\/www.iniciatives.org\/es\/emociones-al-volante-y-reflexiones-sobre-lopivi-con-la-muntanyeta-y-la-llar-bellmunt\/#breadcrumb","itemListElement":[{"@type":"ListItem","position":1,"name":"Inici","item":"https:\/\/www.iniciatives.org\/es\/"},{"@type":"ListItem","position":2,"name":"Emociones al volante y reflexiones sobre\u00a0LOPIVI\u00a0con La\u00a0Muntanyeta\u00a0y\u00a0la Llar Bellmunt"}]},{"@type":"WebSite","@id":"https:\/\/www.iniciatives.org\/#website","url":"https:\/\/www.iniciatives.org\/","name":"Iniciatives Solid\u00e0ries","description":"Iniciatives Solid\u00e0ries \u00e9s una ONG d\u2019acci\u00f3 social, acolliment i inserci\u00f3 social","potentialAction":[{"@type":"SearchAction","target":{"@type":"EntryPoint","urlTemplate":"https:\/\/www.iniciatives.org\/?s={search_term_string}"},"query-input":{"@type":"PropertyValueSpecification","valueRequired":true,"valueName":"search_term_string"}}],"inLanguage":"es"},{"@type":"Person","@id":"https:\/\/www.iniciatives.org\/#\/schema\/person\/6b6b53abb46095f47a6b492083695855","name":"marta","image":{"@type":"ImageObject","inLanguage":"es","@id":"https:\/\/www.iniciatives.org\/#\/schema\/person\/image\/","url":"https:\/\/secure.gravatar.com\/avatar\/a0c1939c897a5dff40c633421ff039f2ae4b3bb420c6db4a2f86e965bb90d93f?s=96&d=mm&r=g","contentUrl":"https:\/\/secure.gravatar.com\/avatar\/a0c1939c897a5dff40c633421ff039f2ae4b3bb420c6db4a2f86e965bb90d93f?s=96&d=mm&r=g","caption":"marta"},"url":"https:\/\/www.iniciatives.org\/es\/author\/marta\/"}]}},"_links":{"self":[{"href":"https:\/\/www.iniciatives.org\/es\/wp-json\/wp\/v2\/posts\/5747","targetHints":{"allow":["GET"]}}],"collection":[{"href":"https:\/\/www.iniciatives.org\/es\/wp-json\/wp\/v2\/posts"}],"about":[{"href":"https:\/\/www.iniciatives.org\/es\/wp-json\/wp\/v2\/types\/post"}],"author":[{"embeddable":true,"href":"https:\/\/www.iniciatives.org\/es\/wp-json\/wp\/v2\/users\/3"}],"replies":[{"embeddable":true,"href":"https:\/\/www.iniciatives.org\/es\/wp-json\/wp\/v2\/comments?post=5747"}],"version-history":[{"count":5,"href":"https:\/\/www.iniciatives.org\/es\/wp-json\/wp\/v2\/posts\/5747\/revisions"}],"predecessor-version":[{"id":5754,"href":"https:\/\/www.iniciatives.org\/es\/wp-json\/wp\/v2\/posts\/5747\/revisions\/5754"}],"wp:featuredmedia":[{"embeddable":true,"href":"https:\/\/www.iniciatives.org\/es\/wp-json\/wp\/v2\/media\/5746"}],"wp:attachment":[{"href":"https:\/\/www.iniciatives.org\/es\/wp-json\/wp\/v2\/media?parent=5747"}],"wp:term":[{"taxonomy":"category","embeddable":true,"href":"https:\/\/www.iniciatives.org\/es\/wp-json\/wp\/v2\/categories?post=5747"},{"taxonomy":"post_tag","embeddable":true,"href":"https:\/\/www.iniciatives.org\/es\/wp-json\/wp\/v2\/tags?post=5747"}],"curies":[{"name":"wp","href":"https:\/\/api.w.org\/{rel}","templated":true}]}}