

{"id":5769,"date":"2025-03-13T11:14:00","date_gmt":"2025-03-13T10:14:00","guid":{"rendered":"https:\/\/www.iniciatives.org\/?p=5769"},"modified":"2025-11-24T11:46:22","modified_gmt":"2025-11-24T10:46:22","slug":"tradicion-y-reivindicacion-en-marzo-con-el-centre-obert-ginkgo","status":"publish","type":"post","link":"https:\/\/www.iniciatives.org\/es\/tradicion-y-reivindicacion-en-marzo-con-el-centre-obert-ginkgo\/","title":{"rendered":"Tradici\u00f3n y reivindicaci\u00f3n en marzo con el Centre Obert Ginkgo"},"content":{"rendered":"\n<p>Los j\u00f3venes del Ginkgo y los ni\u00f1os y ni\u00f1as del casal La Minicoope celebraron la tradicional Rua del Entierro de la Sardina.<\/p>\n\n\n\n<p>A lo largo de todo el recorrido, desde la salida en la Escuela Ciutat Cooperativa hasta la plaza del Casal, les acompa\u00f1aron vecinas y vecinos del barrio, compartiendo con ellos la alegr\u00eda de la fiesta. En la plaza, realizaron el entierro simb\u00f3lico de la sardina, un acto que puso punto final al Carnaval.<\/p>\n\n\n\n<p>La celebraci\u00f3n estuvo animada por las representantes de la comisi\u00f3n de fiestas, que leyeron un manifiesto para cerrar la semana. Fue una jornada llena de fraternidad y entusiasmo, reafirmando el compromiso de la comunidad con sus tradiciones. El pr\u00f3ximo a\u00f1o volver\u00e1n a participar, manteniendo viva esta fiesta y colaborando, como siempre, en las actividades del barrio.<\/p>\n\n\n\n<figure class=\"wp-block-pullquote has-border-color has-nv-site-bg-border-color\" style=\"font-size:0px\"><blockquote><p><\/p><\/blockquote><\/figure>\n\n\n<div class=\"wp-block-image\">\n<figure class=\"aligncenter size-large is-resized\"><img loading=\"lazy\" decoding=\"async\" width=\"900\" height=\"1200\" src=\"https:\/\/www.iniciatives.org\/wp-content\/uploads\/2025\/11\/Imagen-de-WhatsApp-2025-11-21-a-las-14.43.52_90ddbc26-900x1200.jpg\" alt=\"\" class=\"wp-image-5758\" style=\"width:413px;height:auto\" srcset=\"https:\/\/www.iniciatives.org\/wp-content\/uploads\/2025\/11\/Imagen-de-WhatsApp-2025-11-21-a-las-14.43.52_90ddbc26-900x1200.jpg 900w, https:\/\/www.iniciatives.org\/wp-content\/uploads\/2025\/11\/Imagen-de-WhatsApp-2025-11-21-a-las-14.43.52_90ddbc26-600x800.jpg 600w, https:\/\/www.iniciatives.org\/wp-content\/uploads\/2025\/11\/Imagen-de-WhatsApp-2025-11-21-a-las-14.43.52_90ddbc26-768x1024.jpg 768w, https:\/\/www.iniciatives.org\/wp-content\/uploads\/2025\/11\/Imagen-de-WhatsApp-2025-11-21-a-las-14.43.52_90ddbc26-1152x1536.jpg 1152w, https:\/\/www.iniciatives.org\/wp-content\/uploads\/2025\/11\/Imagen-de-WhatsApp-2025-11-21-a-las-14.43.52_90ddbc26.jpg 1200w\" sizes=\"auto, (max-width: 900px) 100vw, 900px\" \/><\/figure><\/div>\n\n\n<figure class=\"wp-block-pullquote has-border-color has-nv-site-bg-border-color\" style=\"font-size:0px\"><blockquote><p><\/p><\/blockquote><\/figure>\n\n\n\n<p>Durante este mismo mes, tambi\u00e9n participaron activamente en el acto de conmemoraci\u00f3n del D\u00eda de la Mujer Trabajadora, celebrado en el barrio de Ciutat Cooperativa \u2013 Mol\u00ed Nou. Esta iniciativa, que se organiza anualmente, tiene como objetivo rendir homenaje a la lucha hist\u00f3rica de las mujeres por la igualdad y sus derechos laborales.<\/p>\n\n\n\n<p>Como es tradici\u00f3n, el evento reuni\u00f3 a numerosas asociaciones, entidades, recursos comunitarios y vecinos y vecinas del barrio en un ambiente de convivencia y reivindicaci\u00f3n. El Casal del barrio invit\u00f3 a participar, y la jornada comenz\u00f3 con un emotivo concierto que combin\u00f3 m\u00fasica con la lectura de una poes\u00eda de protesta, poniendo de relieve la importancia de seguir trabajando por una sociedad m\u00e1s justa y equitativa.<\/p>\n\n\n\n<p>A continuaci\u00f3n, se llev\u00f3 a cabo la ofrenda floral, uno de los momentos m\u00e1s significativos del encuentro. Una persona representante de cada asociaci\u00f3n, entidad o recurso deposit\u00f3 una flor en la estatua dedicada a la mujer trabajadora, en un gesto colectivo cargado de simbolismo y compromiso. Este acto sirvi\u00f3 no solo para recordar las conquistas alcanzadas, sino tambi\u00e9n para reivindicar los retos que a\u00fan persisten en materia de igualdad de g\u00e9nero.<\/p>\n\n\n\n<p>La jornada concluy\u00f3 con un espacio de encuentro y conversaci\u00f3n entre los asistentes, reforzando los v\u00ednculos comunitarios y reafirmando la voluntad de seguir sumando esfuerzos en defensa de los derechos de las mujeres.<\/p>\n\n\n\n<figure class=\"wp-block-pullquote has-border-color has-nv-site-bg-border-color\" style=\"font-size:0px\"><blockquote><p><\/p><\/blockquote><\/figure>\n\n\n<div class=\"wp-block-image\">\n<figure class=\"aligncenter size-full is-resized\"><img loading=\"lazy\" decoding=\"async\" width=\"936\" height=\"719\" src=\"https:\/\/www.iniciatives.org\/wp-content\/uploads\/2025\/11\/Imagen-de-WhatsApp-2025-11-21-a-las-14.43.28_c7c10310.jpg\" alt=\"\" class=\"wp-image-5760\" style=\"width:579px;height:auto\" srcset=\"https:\/\/www.iniciatives.org\/wp-content\/uploads\/2025\/11\/Imagen-de-WhatsApp-2025-11-21-a-las-14.43.28_c7c10310.jpg 936w, https:\/\/www.iniciatives.org\/wp-content\/uploads\/2025\/11\/Imagen-de-WhatsApp-2025-11-21-a-las-14.43.28_c7c10310-800x615.jpg 800w, https:\/\/www.iniciatives.org\/wp-content\/uploads\/2025\/11\/Imagen-de-WhatsApp-2025-11-21-a-las-14.43.28_c7c10310-768x590.jpg 768w\" sizes=\"auto, (max-width: 936px) 100vw, 936px\" \/><\/figure><\/div>","protected":false},"excerpt":{"rendered":"<p>Los j\u00f3venes del Ginkgo y los ni\u00f1os y ni\u00f1as del casal La Minicoope celebraron la tradicional Rua del Entierro de la Sardina. A lo largo de todo el recorrido, desde la salida en la Escuela Ciutat Cooperativa hasta la plaza del Casal, les acompa\u00f1aron vecinas y vecinos del barrio, compartiendo con ellos la alegr\u00eda de&hellip;&nbsp;<a href=\"https:\/\/www.iniciatives.org\/es\/tradicion-y-reivindicacion-en-marzo-con-el-centre-obert-ginkgo\/\" rel=\"bookmark\">Leer m\u00e1s &raquo;<span class=\"screen-reader-text\">Tradici\u00f3n y reivindicaci\u00f3n en marzo con el Centre Obert Ginkgo<\/span><\/a><\/p>\n","protected":false},"author":3,"featured_media":5779,"comment_status":"closed","ping_status":"open","sticky":false,"template":"","format":"standard","meta":{"_eb_attr":"","neve_meta_sidebar":"","neve_meta_container":"","neve_meta_enable_content_width":"","neve_meta_content_width":0,"neve_meta_title_alignment":"","neve_meta_author_avatar":"","neve_post_elements_order":"","neve_meta_disable_header":"","neve_meta_disable_footer":"","neve_meta_disable_title":"","footnotes":""},"categories":[15],"tags":[],"class_list":["post-5769","post","type-post","status-publish","format-standard","has-post-thumbnail","hentry","category-sin-categorizar"],"yoast_head":"<!-- This site is optimized with the Yoast SEO plugin v25.4 - https:\/\/yoast.com\/wordpress\/plugins\/seo\/ -->\n<title>Tradici\u00f3n y reivindicaci\u00f3n en marzo con el Centre Obert Ginkgo - Iniciatives Solid\u00e0ries<\/title>\n<meta name=\"robots\" content=\"index, follow, max-snippet:-1, max-image-preview:large, max-video-preview:-1\" \/>\n<link rel=\"canonical\" href=\"https:\/\/www.iniciatives.org\/es\/tradicion-y-reivindicacion-en-marzo-con-el-centre-obert-ginkgo\/\" \/>\n<meta property=\"og:locale\" content=\"es_ES\" \/>\n<meta property=\"og:type\" content=\"article\" \/>\n<meta property=\"og:title\" content=\"Tradici\u00f3n y reivindicaci\u00f3n en marzo con el Centre Obert Ginkgo - Iniciatives Solid\u00e0ries\" \/>\n<meta property=\"og:description\" content=\"Los j\u00f3venes del Ginkgo y los ni\u00f1os y ni\u00f1as del casal La Minicoope celebraron la tradicional Rua del Entierro de la Sardina. A lo largo de todo el recorrido, desde la salida en la Escuela Ciutat Cooperativa hasta la plaza del Casal, les acompa\u00f1aron vecinas y vecinos del barrio, compartiendo con ellos la alegr\u00eda de&hellip;&nbsp;Leer m\u00e1s &raquo;Tradici\u00f3n y reivindicaci\u00f3n en marzo con el Centre Obert Ginkgo\" \/>\n<meta property=\"og:url\" content=\"https:\/\/www.iniciatives.org\/es\/tradicion-y-reivindicacion-en-marzo-con-el-centre-obert-ginkgo\/\" \/>\n<meta property=\"og:site_name\" content=\"Iniciatives Solid\u00e0ries\" \/>\n<meta property=\"article:published_time\" content=\"2025-03-13T10:14:00+00:00\" \/>\n<meta property=\"article:modified_time\" content=\"2025-11-24T10:46:22+00:00\" \/>\n<meta property=\"og:image\" content=\"https:\/\/www.iniciatives.org\/wp-content\/uploads\/2025\/03\/Blue-Photo-Collage-Hello-August-Instagram-Post-2.png\" \/>\n\t<meta property=\"og:image:width\" content=\"1080\" \/>\n\t<meta property=\"og:image:height\" content=\"1080\" \/>\n\t<meta property=\"og:image:type\" content=\"image\/png\" \/>\n<meta name=\"author\" content=\"marta\" \/>\n<meta name=\"twitter:card\" content=\"summary_large_image\" \/>\n<meta name=\"twitter:label1\" content=\"Escrito por\" \/>\n\t<meta name=\"twitter:data1\" content=\"marta\" \/>\n\t<meta name=\"twitter:label2\" content=\"Tiempo de lectura\" \/>\n\t<meta name=\"twitter:data2\" content=\"3 minutos\" \/>\n<script type=\"application\/ld+json\" class=\"yoast-schema-graph\">{\"@context\":\"https:\/\/schema.org\",\"@graph\":[{\"@type\":\"WebPage\",\"@id\":\"https:\/\/www.iniciatives.org\/es\/tradicion-y-reivindicacion-en-marzo-con-el-centre-obert-ginkgo\/\",\"url\":\"https:\/\/www.iniciatives.org\/es\/tradicion-y-reivindicacion-en-marzo-con-el-centre-obert-ginkgo\/\",\"name\":\"Tradici\u00f3n y reivindicaci\u00f3n en marzo con el Centre Obert Ginkgo - Iniciatives Solid\u00e0ries\",\"isPartOf\":{\"@id\":\"https:\/\/www.iniciatives.org\/#website\"},\"primaryImageOfPage\":{\"@id\":\"https:\/\/www.iniciatives.org\/es\/tradicion-y-reivindicacion-en-marzo-con-el-centre-obert-ginkgo\/#primaryimage\"},\"image\":{\"@id\":\"https:\/\/www.iniciatives.org\/es\/tradicion-y-reivindicacion-en-marzo-con-el-centre-obert-ginkgo\/#primaryimage\"},\"thumbnailUrl\":\"https:\/\/www.iniciatives.org\/wp-content\/uploads\/2025\/03\/Blue-Photo-Collage-Hello-August-Instagram-Post-2.png\",\"datePublished\":\"2025-03-13T10:14:00+00:00\",\"dateModified\":\"2025-11-24T10:46:22+00:00\",\"author\":{\"@id\":\"https:\/\/www.iniciatives.org\/#\/schema\/person\/6b6b53abb46095f47a6b492083695855\"},\"breadcrumb\":{\"@id\":\"https:\/\/www.iniciatives.org\/es\/tradicion-y-reivindicacion-en-marzo-con-el-centre-obert-ginkgo\/#breadcrumb\"},\"inLanguage\":\"es\",\"potentialAction\":[{\"@type\":\"ReadAction\",\"target\":[\"https:\/\/www.iniciatives.org\/es\/tradicion-y-reivindicacion-en-marzo-con-el-centre-obert-ginkgo\/\"]}]},{\"@type\":\"ImageObject\",\"inLanguage\":\"es\",\"@id\":\"https:\/\/www.iniciatives.org\/es\/tradicion-y-reivindicacion-en-marzo-con-el-centre-obert-ginkgo\/#primaryimage\",\"url\":\"https:\/\/www.iniciatives.org\/wp-content\/uploads\/2025\/03\/Blue-Photo-Collage-Hello-August-Instagram-Post-2.png\",\"contentUrl\":\"https:\/\/www.iniciatives.org\/wp-content\/uploads\/2025\/03\/Blue-Photo-Collage-Hello-August-Instagram-Post-2.png\",\"width\":1080,\"height\":1080},{\"@type\":\"BreadcrumbList\",\"@id\":\"https:\/\/www.iniciatives.org\/es\/tradicion-y-reivindicacion-en-marzo-con-el-centre-obert-ginkgo\/#breadcrumb\",\"itemListElement\":[{\"@type\":\"ListItem\",\"position\":1,\"name\":\"Inici\",\"item\":\"https:\/\/www.iniciatives.org\/es\/\"},{\"@type\":\"ListItem\",\"position\":2,\"name\":\"Tradici\u00f3n y reivindicaci\u00f3n en marzo con el Centre Obert Ginkgo\"}]},{\"@type\":\"WebSite\",\"@id\":\"https:\/\/www.iniciatives.org\/#website\",\"url\":\"https:\/\/www.iniciatives.org\/\",\"name\":\"Iniciatives Solid\u00e0ries\",\"description\":\"Iniciatives Solid\u00e0ries \u00e9s una ONG d\u2019acci\u00f3 social, acolliment i inserci\u00f3 social\",\"potentialAction\":[{\"@type\":\"SearchAction\",\"target\":{\"@type\":\"EntryPoint\",\"urlTemplate\":\"https:\/\/www.iniciatives.org\/?s={search_term_string}\"},\"query-input\":{\"@type\":\"PropertyValueSpecification\",\"valueRequired\":true,\"valueName\":\"search_term_string\"}}],\"inLanguage\":\"es\"},{\"@type\":\"Person\",\"@id\":\"https:\/\/www.iniciatives.org\/#\/schema\/person\/6b6b53abb46095f47a6b492083695855\",\"name\":\"marta\",\"image\":{\"@type\":\"ImageObject\",\"inLanguage\":\"es\",\"@id\":\"https:\/\/www.iniciatives.org\/#\/schema\/person\/image\/\",\"url\":\"https:\/\/secure.gravatar.com\/avatar\/a0c1939c897a5dff40c633421ff039f2ae4b3bb420c6db4a2f86e965bb90d93f?s=96&d=mm&r=g\",\"contentUrl\":\"https:\/\/secure.gravatar.com\/avatar\/a0c1939c897a5dff40c633421ff039f2ae4b3bb420c6db4a2f86e965bb90d93f?s=96&d=mm&r=g\",\"caption\":\"marta\"},\"url\":\"https:\/\/www.iniciatives.org\/es\/author\/marta\/\"}]}<\/script>\n<!-- \/ Yoast SEO plugin. -->","yoast_head_json":{"title":"Tradici\u00f3n y reivindicaci\u00f3n en marzo con el Centre Obert Ginkgo - Iniciatives Solid\u00e0ries","robots":{"index":"index","follow":"follow","max-snippet":"max-snippet:-1","max-image-preview":"max-image-preview:large","max-video-preview":"max-video-preview:-1"},"canonical":"https:\/\/www.iniciatives.org\/es\/tradicion-y-reivindicacion-en-marzo-con-el-centre-obert-ginkgo\/","og_locale":"es_ES","og_type":"article","og_title":"Tradici\u00f3n y reivindicaci\u00f3n en marzo con el Centre Obert Ginkgo - Iniciatives Solid\u00e0ries","og_description":"Los j\u00f3venes del Ginkgo y los ni\u00f1os y ni\u00f1as del casal La Minicoope celebraron la tradicional Rua del Entierro de la Sardina. A lo largo de todo el recorrido, desde la salida en la Escuela Ciutat Cooperativa hasta la plaza del Casal, les acompa\u00f1aron vecinas y vecinos del barrio, compartiendo con ellos la alegr\u00eda de&hellip;&nbsp;Leer m\u00e1s &raquo;Tradici\u00f3n y reivindicaci\u00f3n en marzo con el Centre Obert Ginkgo","og_url":"https:\/\/www.iniciatives.org\/es\/tradicion-y-reivindicacion-en-marzo-con-el-centre-obert-ginkgo\/","og_site_name":"Iniciatives Solid\u00e0ries","article_published_time":"2025-03-13T10:14:00+00:00","article_modified_time":"2025-11-24T10:46:22+00:00","og_image":[{"width":1080,"height":1080,"url":"https:\/\/www.iniciatives.org\/wp-content\/uploads\/2025\/03\/Blue-Photo-Collage-Hello-August-Instagram-Post-2.png","type":"image\/png"}],"author":"marta","twitter_card":"summary_large_image","twitter_misc":{"Escrito por":"marta","Tiempo de lectura":"3 minutos"},"schema":{"@context":"https:\/\/schema.org","@graph":[{"@type":"WebPage","@id":"https:\/\/www.iniciatives.org\/es\/tradicion-y-reivindicacion-en-marzo-con-el-centre-obert-ginkgo\/","url":"https:\/\/www.iniciatives.org\/es\/tradicion-y-reivindicacion-en-marzo-con-el-centre-obert-ginkgo\/","name":"Tradici\u00f3n y reivindicaci\u00f3n en marzo con el Centre Obert Ginkgo - Iniciatives Solid\u00e0ries","isPartOf":{"@id":"https:\/\/www.iniciatives.org\/#website"},"primaryImageOfPage":{"@id":"https:\/\/www.iniciatives.org\/es\/tradicion-y-reivindicacion-en-marzo-con-el-centre-obert-ginkgo\/#primaryimage"},"image":{"@id":"https:\/\/www.iniciatives.org\/es\/tradicion-y-reivindicacion-en-marzo-con-el-centre-obert-ginkgo\/#primaryimage"},"thumbnailUrl":"https:\/\/www.iniciatives.org\/wp-content\/uploads\/2025\/03\/Blue-Photo-Collage-Hello-August-Instagram-Post-2.png","datePublished":"2025-03-13T10:14:00+00:00","dateModified":"2025-11-24T10:46:22+00:00","author":{"@id":"https:\/\/www.iniciatives.org\/#\/schema\/person\/6b6b53abb46095f47a6b492083695855"},"breadcrumb":{"@id":"https:\/\/www.iniciatives.org\/es\/tradicion-y-reivindicacion-en-marzo-con-el-centre-obert-ginkgo\/#breadcrumb"},"inLanguage":"es","potentialAction":[{"@type":"ReadAction","target":["https:\/\/www.iniciatives.org\/es\/tradicion-y-reivindicacion-en-marzo-con-el-centre-obert-ginkgo\/"]}]},{"@type":"ImageObject","inLanguage":"es","@id":"https:\/\/www.iniciatives.org\/es\/tradicion-y-reivindicacion-en-marzo-con-el-centre-obert-ginkgo\/#primaryimage","url":"https:\/\/www.iniciatives.org\/wp-content\/uploads\/2025\/03\/Blue-Photo-Collage-Hello-August-Instagram-Post-2.png","contentUrl":"https:\/\/www.iniciatives.org\/wp-content\/uploads\/2025\/03\/Blue-Photo-Collage-Hello-August-Instagram-Post-2.png","width":1080,"height":1080},{"@type":"BreadcrumbList","@id":"https:\/\/www.iniciatives.org\/es\/tradicion-y-reivindicacion-en-marzo-con-el-centre-obert-ginkgo\/#breadcrumb","itemListElement":[{"@type":"ListItem","position":1,"name":"Inici","item":"https:\/\/www.iniciatives.org\/es\/"},{"@type":"ListItem","position":2,"name":"Tradici\u00f3n y reivindicaci\u00f3n en marzo con el Centre Obert Ginkgo"}]},{"@type":"WebSite","@id":"https:\/\/www.iniciatives.org\/#website","url":"https:\/\/www.iniciatives.org\/","name":"Iniciatives Solid\u00e0ries","description":"Iniciatives Solid\u00e0ries \u00e9s una ONG d\u2019acci\u00f3 social, acolliment i inserci\u00f3 social","potentialAction":[{"@type":"SearchAction","target":{"@type":"EntryPoint","urlTemplate":"https:\/\/www.iniciatives.org\/?s={search_term_string}"},"query-input":{"@type":"PropertyValueSpecification","valueRequired":true,"valueName":"search_term_string"}}],"inLanguage":"es"},{"@type":"Person","@id":"https:\/\/www.iniciatives.org\/#\/schema\/person\/6b6b53abb46095f47a6b492083695855","name":"marta","image":{"@type":"ImageObject","inLanguage":"es","@id":"https:\/\/www.iniciatives.org\/#\/schema\/person\/image\/","url":"https:\/\/secure.gravatar.com\/avatar\/a0c1939c897a5dff40c633421ff039f2ae4b3bb420c6db4a2f86e965bb90d93f?s=96&d=mm&r=g","contentUrl":"https:\/\/secure.gravatar.com\/avatar\/a0c1939c897a5dff40c633421ff039f2ae4b3bb420c6db4a2f86e965bb90d93f?s=96&d=mm&r=g","caption":"marta"},"url":"https:\/\/www.iniciatives.org\/es\/author\/marta\/"}]}},"_links":{"self":[{"href":"https:\/\/www.iniciatives.org\/es\/wp-json\/wp\/v2\/posts\/5769","targetHints":{"allow":["GET"]}}],"collection":[{"href":"https:\/\/www.iniciatives.org\/es\/wp-json\/wp\/v2\/posts"}],"about":[{"href":"https:\/\/www.iniciatives.org\/es\/wp-json\/wp\/v2\/types\/post"}],"author":[{"embeddable":true,"href":"https:\/\/www.iniciatives.org\/es\/wp-json\/wp\/v2\/users\/3"}],"replies":[{"embeddable":true,"href":"https:\/\/www.iniciatives.org\/es\/wp-json\/wp\/v2\/comments?post=5769"}],"version-history":[{"count":2,"href":"https:\/\/www.iniciatives.org\/es\/wp-json\/wp\/v2\/posts\/5769\/revisions"}],"predecessor-version":[{"id":5771,"href":"https:\/\/www.iniciatives.org\/es\/wp-json\/wp\/v2\/posts\/5769\/revisions\/5771"}],"wp:featuredmedia":[{"embeddable":true,"href":"https:\/\/www.iniciatives.org\/es\/wp-json\/wp\/v2\/media\/5779"}],"wp:attachment":[{"href":"https:\/\/www.iniciatives.org\/es\/wp-json\/wp\/v2\/media?parent=5769"}],"wp:term":[{"taxonomy":"category","embeddable":true,"href":"https:\/\/www.iniciatives.org\/es\/wp-json\/wp\/v2\/categories?post=5769"},{"taxonomy":"post_tag","embeddable":true,"href":"https:\/\/www.iniciatives.org\/es\/wp-json\/wp\/v2\/tags?post=5769"}],"curies":[{"name":"wp","href":"https:\/\/api.w.org\/{rel}","templated":true}]}}