

{"id":5839,"date":"2025-04-25T16:11:00","date_gmt":"2025-04-25T14:11:00","guid":{"rendered":"https:\/\/www.iniciatives.org\/?p=5839"},"modified":"2025-11-24T16:23:48","modified_gmt":"2025-11-24T15:23:48","slug":"semana-santa-ramadan-en-la-mola-y-aventura-en-el-centre-obert-ginkgo","status":"publish","type":"post","link":"https:\/\/www.iniciatives.org\/es\/semana-santa-ramadan-en-la-mola-y-aventura-en-el-centre-obert-ginkgo\/","title":{"rendered":"Semana Santa: Ramad\u00e1n en La Mola y aventura en el Centre Obert Ginkgo"},"content":{"rendered":"\n<p>Los j\u00f3venes de la Llar La Mola han vivido unas semanas muy especiales celebrando el Ramad\u00e1n, una tradici\u00f3n con un gran significado espiritual y cultural. Esta celebraci\u00f3n ha sido una oportunidad para compartir momentos de convivencia, respeto y aprendizaje entre todos los chicos que viven en la llar.<\/p>\n\n\n\n<p>Durante este per\u00edodo, los j\u00f3venes aprovecharon para cocinar platos t\u00edpicos de sus diferentes pa\u00edses de origen, dando protagonismo a la diversidad cultural que los caracteriza. El objetivo fue poner en valor las tradiciones gastron\u00f3micas y fomentar la cooperaci\u00f3n, el respeto mutuo y la curiosidad por conocer otras costumbres. Para lograrlo, se organizaron por grupos y d\u00edas, asumiendo la responsabilidad de preparar las comidas y compartirlas con los dem\u00e1s.<\/p>\n\n\n\n<p>Entre las elaboraciones m\u00e1s destacadas no faltaron platos tradicionales como el cusc\u00fas, la harira, los d\u00e1tiles y los frutos secos, habituales en esta festividad. Cada preparaci\u00f3n fue una experiencia \u00fanica, donde los chicos pudieron explicar el significado de los platos y las historias que hay detr\u00e1s, creando un espacio de di\u00e1logo intercultural muy enriquecedor.<\/p>\n\n\n\n<p>El \u00faltimo d\u00eda del Ramad\u00e1n, la celebraci\u00f3n culmin\u00f3 con el Eid, una fiesta muy esperada que simboliza el final del ayuno. Para la ocasi\u00f3n, se prepar\u00f3 un pica-pica especial con una gran variedad de platos, convirtiendo el momento en un encuentro festivo lleno de alegr\u00eda y fraternidad.<\/p>\n\n\n\n<p>Esta experiencia ha sido muy positiva, ya que ha reforzado la convivencia y la cohesi\u00f3n entre los j\u00f3venes de la llar. Adem\u00e1s, ha permitido demostrar el respeto y el amor por sus culturas y tradiciones, al tiempo que se han creado v\u00ednculos m\u00e1s fuertes basados en la cooperaci\u00f3n y la comprensi\u00f3n mutua. Sin duda, iniciativas como esta contribuyen a construir un entorno m\u00e1s inclusivo y enriquecedor para todos.<\/p>\n\n\n<div class=\"wp-block-image\">\n<figure class=\"aligncenter size-full is-resized\"><img loading=\"lazy\" decoding=\"async\" width=\"370\" height=\"493\" src=\"https:\/\/www.iniciatives.org\/wp-content\/uploads\/2025\/11\/la-mola.jpg\" alt=\"\" class=\"wp-image-5827\" style=\"width:370px;height:auto\"\/><\/figure><\/div>\n\n\n<p><\/p>\n\n\n\n<p>Por otro lado, el Centre Obert Ginkgo vivi\u00f3 una Semana Santa llena de diversi\u00f3n, creatividad y aventura. Fueron cuatro d\u00edas intensos con actividades variadas que combinaron cultura, deporte, trabajo en equipo y mucha imaginaci\u00f3n.<\/p>\n\n\n\n<p>La semana comenz\u00f3 con un taller art\u00edstico inspirado en la leyenda de San Jorge. Ni\u00f1os y j\u00f3venes dieron rienda suelta a su imaginaci\u00f3n creando dibujos e ilustraciones que representaban dragones, caballeros y rosas. \u00bfEl resultado? Aut\u00e9nticas obras de arte que llenaron el casal de color y fantas\u00eda, fomentando la creatividad y el trabajo manual.<\/p>\n\n\n\n<p>El segundo d\u00eda fue pura emoci\u00f3n con una salida al L\u00e1ser Tag. Los participantes disfrutaron de una experiencia llena de estrategia, velocidad y diversi\u00f3n, aprendiendo a trabajar en equipo mientras esquivaban l\u00e1seres y planificaban movimientos.<\/p>\n\n\n<div class=\"wp-block-image\">\n<figure class=\"aligncenter size-large is-resized\"><img loading=\"lazy\" decoding=\"async\" width=\"1200\" height=\"900\" src=\"https:\/\/www.iniciatives.org\/wp-content\/uploads\/2025\/11\/ginkgo4-1200x900.jpg\" alt=\"\" class=\"wp-image-5830\" style=\"width:495px;height:auto\" srcset=\"https:\/\/www.iniciatives.org\/wp-content\/uploads\/2025\/11\/ginkgo4-1200x900.jpg 1200w, https:\/\/www.iniciatives.org\/wp-content\/uploads\/2025\/11\/ginkgo4-800x600.jpg 800w, https:\/\/www.iniciatives.org\/wp-content\/uploads\/2025\/11\/ginkgo4-768x576.jpg 768w, https:\/\/www.iniciatives.org\/wp-content\/uploads\/2025\/11\/ginkgo4-1536x1152.jpg 1536w, https:\/\/www.iniciatives.org\/wp-content\/uploads\/2025\/11\/ginkgo4.jpg 1600w\" sizes=\"auto, (max-width: 1200px) 100vw, 1200px\" \/><\/figure><\/div>\n\n\n<p><\/p>\n\n\n\n<p>La tercera jornada tuvo un toque cultural con una salida por Sant Boi. Los j\u00f3venes recorrieron las calles del municipio descubriendo las esculturas m\u00e1s emblem\u00e1ticas y aprendiendo curiosidades sobre el patrimonio local. Esta actividad fue una oportunidad para conectar con la historia y el arte del pueblo, fomentando el inter\u00e9s por la cultura y el respeto por nuestro entorno.<\/p>\n\n\n\n<p>Para cerrar la semana, organizaron un torneo de ping-pong en el casal. La competici\u00f3n estuvo marcada por la diversi\u00f3n, las risas y el esp\u00edritu deportivo.<\/p>\n\n\n<div class=\"wp-block-image\">\n<figure class=\"aligncenter size-large is-resized\"><img loading=\"lazy\" decoding=\"async\" width=\"1200\" height=\"900\" src=\"https:\/\/www.iniciatives.org\/wp-content\/uploads\/2025\/11\/ginkgo-1200x900.jpg\" alt=\"\" class=\"wp-image-5832\" style=\"width:443px;height:auto\" srcset=\"https:\/\/www.iniciatives.org\/wp-content\/uploads\/2025\/11\/ginkgo-1200x900.jpg 1200w, https:\/\/www.iniciatives.org\/wp-content\/uploads\/2025\/11\/ginkgo-800x600.jpg 800w, https:\/\/www.iniciatives.org\/wp-content\/uploads\/2025\/11\/ginkgo-768x576.jpg 768w, https:\/\/www.iniciatives.org\/wp-content\/uploads\/2025\/11\/ginkgo-1536x1152.jpg 1536w, https:\/\/www.iniciatives.org\/wp-content\/uploads\/2025\/11\/ginkgo.jpg 1600w\" sizes=\"auto, (max-width: 1200px) 100vw, 1200px\" \/><\/figure><\/div>\n\n\n<p><\/p>\n\n\n\n<p>En resumen, el Casal de Semana Santa en Ginkgo ha sido una experiencia muy positiva, que ha combinado aprendizaje, convivencia y diversi\u00f3n. Actividades como estas son esenciales para fomentar valores como la cooperaci\u00f3n, la creatividad y el respeto, al tiempo que ofrecen a ni\u00f1os y j\u00f3venes un espacio seguro y enriquecedor para crecer juntos.<\/p>\n\n\n\n<p><\/p>\n","protected":false},"excerpt":{"rendered":"<p>Los j\u00f3venes de la Llar La Mola han vivido unas semanas muy especiales celebrando el Ramad\u00e1n, una tradici\u00f3n con un gran significado espiritual y cultural. Esta celebraci\u00f3n ha sido una oportunidad para compartir momentos de convivencia, respeto y aprendizaje entre todos los chicos que viven en la llar. Durante este per\u00edodo, los j\u00f3venes aprovecharon para&hellip;&nbsp;<a href=\"https:\/\/www.iniciatives.org\/es\/semana-santa-ramadan-en-la-mola-y-aventura-en-el-centre-obert-ginkgo\/\" rel=\"bookmark\">Leer m\u00e1s &raquo;<span class=\"screen-reader-text\">Semana Santa: Ramad\u00e1n en La Mola y aventura en el Centre Obert Ginkgo<\/span><\/a><\/p>\n","protected":false},"author":3,"featured_media":5836,"comment_status":"closed","ping_status":"open","sticky":false,"template":"","format":"standard","meta":{"_eb_attr":"","neve_meta_sidebar":"","neve_meta_container":"","neve_meta_enable_content_width":"","neve_meta_content_width":0,"neve_meta_title_alignment":"","neve_meta_author_avatar":"","neve_post_elements_order":"","neve_meta_disable_header":"","neve_meta_disable_footer":"","neve_meta_disable_title":"","footnotes":""},"categories":[15],"tags":[],"class_list":["post-5839","post","type-post","status-publish","format-standard","has-post-thumbnail","hentry","category-sin-categorizar"],"yoast_head":"<!-- This site is optimized with the Yoast SEO plugin v25.4 - https:\/\/yoast.com\/wordpress\/plugins\/seo\/ -->\n<title>Semana Santa: Ramad\u00e1n en La Mola y aventura en el Centre Obert Ginkgo - Iniciatives Solid\u00e0ries<\/title>\n<meta name=\"robots\" content=\"index, follow, max-snippet:-1, max-image-preview:large, max-video-preview:-1\" \/>\n<link rel=\"canonical\" href=\"https:\/\/www.iniciatives.org\/es\/semana-santa-ramadan-en-la-mola-y-aventura-en-el-centre-obert-ginkgo\/\" \/>\n<meta property=\"og:locale\" content=\"es_ES\" \/>\n<meta property=\"og:type\" content=\"article\" \/>\n<meta property=\"og:title\" content=\"Semana Santa: Ramad\u00e1n en La Mola y aventura en el Centre Obert Ginkgo - Iniciatives Solid\u00e0ries\" \/>\n<meta property=\"og:description\" content=\"Los j\u00f3venes de la Llar La Mola han vivido unas semanas muy especiales celebrando el Ramad\u00e1n, una tradici\u00f3n con un gran significado espiritual y cultural. Esta celebraci\u00f3n ha sido una oportunidad para compartir momentos de convivencia, respeto y aprendizaje entre todos los chicos que viven en la llar. Durante este per\u00edodo, los j\u00f3venes aprovecharon para&hellip;&nbsp;Leer m\u00e1s &raquo;Semana Santa: Ramad\u00e1n en La Mola y aventura en el Centre Obert Ginkgo\" \/>\n<meta property=\"og:url\" content=\"https:\/\/www.iniciatives.org\/es\/semana-santa-ramadan-en-la-mola-y-aventura-en-el-centre-obert-ginkgo\/\" \/>\n<meta property=\"og:site_name\" content=\"Iniciatives Solid\u00e0ries\" \/>\n<meta property=\"article:published_time\" content=\"2025-04-25T14:11:00+00:00\" \/>\n<meta property=\"article:modified_time\" content=\"2025-11-24T15:23:48+00:00\" \/>\n<meta property=\"og:image\" content=\"https:\/\/www.iniciatives.org\/wp-content\/uploads\/2025\/11\/ginkgo5.jpg\" \/>\n\t<meta property=\"og:image:width\" content=\"1600\" \/>\n\t<meta property=\"og:image:height\" content=\"1200\" \/>\n\t<meta property=\"og:image:type\" content=\"image\/jpeg\" \/>\n<meta name=\"author\" content=\"marta\" \/>\n<meta name=\"twitter:card\" content=\"summary_large_image\" \/>\n<meta name=\"twitter:label1\" content=\"Escrito por\" \/>\n\t<meta name=\"twitter:data1\" content=\"marta\" \/>\n\t<meta name=\"twitter:label2\" content=\"Tiempo de lectura\" \/>\n\t<meta name=\"twitter:data2\" content=\"4 minutos\" \/>\n<script type=\"application\/ld+json\" class=\"yoast-schema-graph\">{\"@context\":\"https:\/\/schema.org\",\"@graph\":[{\"@type\":\"WebPage\",\"@id\":\"https:\/\/www.iniciatives.org\/es\/semana-santa-ramadan-en-la-mola-y-aventura-en-el-centre-obert-ginkgo\/\",\"url\":\"https:\/\/www.iniciatives.org\/es\/semana-santa-ramadan-en-la-mola-y-aventura-en-el-centre-obert-ginkgo\/\",\"name\":\"Semana Santa: Ramad\u00e1n en La Mola y aventura en el Centre Obert Ginkgo - Iniciatives Solid\u00e0ries\",\"isPartOf\":{\"@id\":\"https:\/\/www.iniciatives.org\/#website\"},\"primaryImageOfPage\":{\"@id\":\"https:\/\/www.iniciatives.org\/es\/semana-santa-ramadan-en-la-mola-y-aventura-en-el-centre-obert-ginkgo\/#primaryimage\"},\"image\":{\"@id\":\"https:\/\/www.iniciatives.org\/es\/semana-santa-ramadan-en-la-mola-y-aventura-en-el-centre-obert-ginkgo\/#primaryimage\"},\"thumbnailUrl\":\"https:\/\/www.iniciatives.org\/wp-content\/uploads\/2025\/11\/ginkgo5.jpg\",\"datePublished\":\"2025-04-25T14:11:00+00:00\",\"dateModified\":\"2025-11-24T15:23:48+00:00\",\"author\":{\"@id\":\"https:\/\/www.iniciatives.org\/#\/schema\/person\/6b6b53abb46095f47a6b492083695855\"},\"breadcrumb\":{\"@id\":\"https:\/\/www.iniciatives.org\/es\/semana-santa-ramadan-en-la-mola-y-aventura-en-el-centre-obert-ginkgo\/#breadcrumb\"},\"inLanguage\":\"es\",\"potentialAction\":[{\"@type\":\"ReadAction\",\"target\":[\"https:\/\/www.iniciatives.org\/es\/semana-santa-ramadan-en-la-mola-y-aventura-en-el-centre-obert-ginkgo\/\"]}]},{\"@type\":\"ImageObject\",\"inLanguage\":\"es\",\"@id\":\"https:\/\/www.iniciatives.org\/es\/semana-santa-ramadan-en-la-mola-y-aventura-en-el-centre-obert-ginkgo\/#primaryimage\",\"url\":\"https:\/\/www.iniciatives.org\/wp-content\/uploads\/2025\/11\/ginkgo5.jpg\",\"contentUrl\":\"https:\/\/www.iniciatives.org\/wp-content\/uploads\/2025\/11\/ginkgo5.jpg\",\"width\":1600,\"height\":1200},{\"@type\":\"BreadcrumbList\",\"@id\":\"https:\/\/www.iniciatives.org\/es\/semana-santa-ramadan-en-la-mola-y-aventura-en-el-centre-obert-ginkgo\/#breadcrumb\",\"itemListElement\":[{\"@type\":\"ListItem\",\"position\":1,\"name\":\"Inici\",\"item\":\"https:\/\/www.iniciatives.org\/es\/\"},{\"@type\":\"ListItem\",\"position\":2,\"name\":\"Semana Santa: Ramad\u00e1n en La Mola y aventura en el Centre Obert Ginkgo\"}]},{\"@type\":\"WebSite\",\"@id\":\"https:\/\/www.iniciatives.org\/#website\",\"url\":\"https:\/\/www.iniciatives.org\/\",\"name\":\"Iniciatives Solid\u00e0ries\",\"description\":\"Iniciatives Solid\u00e0ries \u00e9s una ONG d\u2019acci\u00f3 social, acolliment i inserci\u00f3 social\",\"potentialAction\":[{\"@type\":\"SearchAction\",\"target\":{\"@type\":\"EntryPoint\",\"urlTemplate\":\"https:\/\/www.iniciatives.org\/?s={search_term_string}\"},\"query-input\":{\"@type\":\"PropertyValueSpecification\",\"valueRequired\":true,\"valueName\":\"search_term_string\"}}],\"inLanguage\":\"es\"},{\"@type\":\"Person\",\"@id\":\"https:\/\/www.iniciatives.org\/#\/schema\/person\/6b6b53abb46095f47a6b492083695855\",\"name\":\"marta\",\"image\":{\"@type\":\"ImageObject\",\"inLanguage\":\"es\",\"@id\":\"https:\/\/www.iniciatives.org\/#\/schema\/person\/image\/\",\"url\":\"https:\/\/secure.gravatar.com\/avatar\/a0c1939c897a5dff40c633421ff039f2ae4b3bb420c6db4a2f86e965bb90d93f?s=96&d=mm&r=g\",\"contentUrl\":\"https:\/\/secure.gravatar.com\/avatar\/a0c1939c897a5dff40c633421ff039f2ae4b3bb420c6db4a2f86e965bb90d93f?s=96&d=mm&r=g\",\"caption\":\"marta\"},\"url\":\"https:\/\/www.iniciatives.org\/es\/author\/marta\/\"}]}<\/script>\n<!-- \/ Yoast SEO plugin. -->","yoast_head_json":{"title":"Semana Santa: Ramad\u00e1n en La Mola y aventura en el Centre Obert Ginkgo - Iniciatives Solid\u00e0ries","robots":{"index":"index","follow":"follow","max-snippet":"max-snippet:-1","max-image-preview":"max-image-preview:large","max-video-preview":"max-video-preview:-1"},"canonical":"https:\/\/www.iniciatives.org\/es\/semana-santa-ramadan-en-la-mola-y-aventura-en-el-centre-obert-ginkgo\/","og_locale":"es_ES","og_type":"article","og_title":"Semana Santa: Ramad\u00e1n en La Mola y aventura en el Centre Obert Ginkgo - Iniciatives Solid\u00e0ries","og_description":"Los j\u00f3venes de la Llar La Mola han vivido unas semanas muy especiales celebrando el Ramad\u00e1n, una tradici\u00f3n con un gran significado espiritual y cultural. Esta celebraci\u00f3n ha sido una oportunidad para compartir momentos de convivencia, respeto y aprendizaje entre todos los chicos que viven en la llar. Durante este per\u00edodo, los j\u00f3venes aprovecharon para&hellip;&nbsp;Leer m\u00e1s &raquo;Semana Santa: Ramad\u00e1n en La Mola y aventura en el Centre Obert Ginkgo","og_url":"https:\/\/www.iniciatives.org\/es\/semana-santa-ramadan-en-la-mola-y-aventura-en-el-centre-obert-ginkgo\/","og_site_name":"Iniciatives Solid\u00e0ries","article_published_time":"2025-04-25T14:11:00+00:00","article_modified_time":"2025-11-24T15:23:48+00:00","og_image":[{"width":1600,"height":1200,"url":"https:\/\/www.iniciatives.org\/wp-content\/uploads\/2025\/11\/ginkgo5.jpg","type":"image\/jpeg"}],"author":"marta","twitter_card":"summary_large_image","twitter_misc":{"Escrito por":"marta","Tiempo de lectura":"4 minutos"},"schema":{"@context":"https:\/\/schema.org","@graph":[{"@type":"WebPage","@id":"https:\/\/www.iniciatives.org\/es\/semana-santa-ramadan-en-la-mola-y-aventura-en-el-centre-obert-ginkgo\/","url":"https:\/\/www.iniciatives.org\/es\/semana-santa-ramadan-en-la-mola-y-aventura-en-el-centre-obert-ginkgo\/","name":"Semana Santa: Ramad\u00e1n en La Mola y aventura en el Centre Obert Ginkgo - Iniciatives Solid\u00e0ries","isPartOf":{"@id":"https:\/\/www.iniciatives.org\/#website"},"primaryImageOfPage":{"@id":"https:\/\/www.iniciatives.org\/es\/semana-santa-ramadan-en-la-mola-y-aventura-en-el-centre-obert-ginkgo\/#primaryimage"},"image":{"@id":"https:\/\/www.iniciatives.org\/es\/semana-santa-ramadan-en-la-mola-y-aventura-en-el-centre-obert-ginkgo\/#primaryimage"},"thumbnailUrl":"https:\/\/www.iniciatives.org\/wp-content\/uploads\/2025\/11\/ginkgo5.jpg","datePublished":"2025-04-25T14:11:00+00:00","dateModified":"2025-11-24T15:23:48+00:00","author":{"@id":"https:\/\/www.iniciatives.org\/#\/schema\/person\/6b6b53abb46095f47a6b492083695855"},"breadcrumb":{"@id":"https:\/\/www.iniciatives.org\/es\/semana-santa-ramadan-en-la-mola-y-aventura-en-el-centre-obert-ginkgo\/#breadcrumb"},"inLanguage":"es","potentialAction":[{"@type":"ReadAction","target":["https:\/\/www.iniciatives.org\/es\/semana-santa-ramadan-en-la-mola-y-aventura-en-el-centre-obert-ginkgo\/"]}]},{"@type":"ImageObject","inLanguage":"es","@id":"https:\/\/www.iniciatives.org\/es\/semana-santa-ramadan-en-la-mola-y-aventura-en-el-centre-obert-ginkgo\/#primaryimage","url":"https:\/\/www.iniciatives.org\/wp-content\/uploads\/2025\/11\/ginkgo5.jpg","contentUrl":"https:\/\/www.iniciatives.org\/wp-content\/uploads\/2025\/11\/ginkgo5.jpg","width":1600,"height":1200},{"@type":"BreadcrumbList","@id":"https:\/\/www.iniciatives.org\/es\/semana-santa-ramadan-en-la-mola-y-aventura-en-el-centre-obert-ginkgo\/#breadcrumb","itemListElement":[{"@type":"ListItem","position":1,"name":"Inici","item":"https:\/\/www.iniciatives.org\/es\/"},{"@type":"ListItem","position":2,"name":"Semana Santa: Ramad\u00e1n en La Mola y aventura en el Centre Obert Ginkgo"}]},{"@type":"WebSite","@id":"https:\/\/www.iniciatives.org\/#website","url":"https:\/\/www.iniciatives.org\/","name":"Iniciatives Solid\u00e0ries","description":"Iniciatives Solid\u00e0ries \u00e9s una ONG d\u2019acci\u00f3 social, acolliment i inserci\u00f3 social","potentialAction":[{"@type":"SearchAction","target":{"@type":"EntryPoint","urlTemplate":"https:\/\/www.iniciatives.org\/?s={search_term_string}"},"query-input":{"@type":"PropertyValueSpecification","valueRequired":true,"valueName":"search_term_string"}}],"inLanguage":"es"},{"@type":"Person","@id":"https:\/\/www.iniciatives.org\/#\/schema\/person\/6b6b53abb46095f47a6b492083695855","name":"marta","image":{"@type":"ImageObject","inLanguage":"es","@id":"https:\/\/www.iniciatives.org\/#\/schema\/person\/image\/","url":"https:\/\/secure.gravatar.com\/avatar\/a0c1939c897a5dff40c633421ff039f2ae4b3bb420c6db4a2f86e965bb90d93f?s=96&d=mm&r=g","contentUrl":"https:\/\/secure.gravatar.com\/avatar\/a0c1939c897a5dff40c633421ff039f2ae4b3bb420c6db4a2f86e965bb90d93f?s=96&d=mm&r=g","caption":"marta"},"url":"https:\/\/www.iniciatives.org\/es\/author\/marta\/"}]}},"_links":{"self":[{"href":"https:\/\/www.iniciatives.org\/es\/wp-json\/wp\/v2\/posts\/5839","targetHints":{"allow":["GET"]}}],"collection":[{"href":"https:\/\/www.iniciatives.org\/es\/wp-json\/wp\/v2\/posts"}],"about":[{"href":"https:\/\/www.iniciatives.org\/es\/wp-json\/wp\/v2\/types\/post"}],"author":[{"embeddable":true,"href":"https:\/\/www.iniciatives.org\/es\/wp-json\/wp\/v2\/users\/3"}],"replies":[{"embeddable":true,"href":"https:\/\/www.iniciatives.org\/es\/wp-json\/wp\/v2\/comments?post=5839"}],"version-history":[{"count":3,"href":"https:\/\/www.iniciatives.org\/es\/wp-json\/wp\/v2\/posts\/5839\/revisions"}],"predecessor-version":[{"id":5842,"href":"https:\/\/www.iniciatives.org\/es\/wp-json\/wp\/v2\/posts\/5839\/revisions\/5842"}],"wp:featuredmedia":[{"embeddable":true,"href":"https:\/\/www.iniciatives.org\/es\/wp-json\/wp\/v2\/media\/5836"}],"wp:attachment":[{"href":"https:\/\/www.iniciatives.org\/es\/wp-json\/wp\/v2\/media?parent=5839"}],"wp:term":[{"taxonomy":"category","embeddable":true,"href":"https:\/\/www.iniciatives.org\/es\/wp-json\/wp\/v2\/categories?post=5839"},{"taxonomy":"post_tag","embeddable":true,"href":"https:\/\/www.iniciatives.org\/es\/wp-json\/wp\/v2\/tags?post=5839"}],"curies":[{"name":"wp","href":"https:\/\/api.w.org\/{rel}","templated":true}]}}