

{"id":5874,"date":"2025-05-30T11:38:00","date_gmt":"2025-05-30T09:38:00","guid":{"rendered":"https:\/\/www.iniciatives.org\/?p=5874"},"modified":"2025-11-25T11:40:15","modified_gmt":"2025-11-25T10:40:15","slug":"por-primera-vez-iniciatives-solidaries-participa-en-la-firentitats-de-sants","status":"publish","type":"post","link":"https:\/\/www.iniciatives.org\/es\/por-primera-vez-iniciatives-solidaries-participa-en-la-firentitats-de-sants\/","title":{"rendered":"Por primera vez, Iniciatives Solid\u00e0ries participa en la Firentitats de Sants"},"content":{"rendered":"\n<p>A finales del mes de mayo, se ha celebrado en Sants la 24.\u00aa edici\u00f3n de la\u00a0Firentitats. Un acontecimiento en el cual participan m\u00e1s de 120 asociaciones de los barrios de Sants, Hostafrancs y la Bordeta.<br><br>Ya queda poco para que haga un a\u00f1o, desde que Iniciatives Solid\u00e0ries traslad\u00f3 su oficina central al barrio de Sants. Y, cuando falta un mes por el cumplea\u00f1os, como un tipo de regalo anticipado, hemos sido part\u00edcipes en la\u00a0Firentitats\u00a02025.<br><br>La jornada ha sido marcada por un ambiente festivo, con intervenciones art\u00edsticas que reflejaban la valiosa diversidad cultural del barrio. Los vecinos paseaban tranquilamente, algunas se deten\u00edan para jugar una partida de ajedrez o para escuchar alg\u00fan concierto.<br><br>Muchas personas paseaban entre los diferentes estands y unas cu\u00e1ntas se paraban ante nosotros. <em>\u201cAix\u00f2 que encara no has vist de Barcelona\u201d<\/em> era lo primero que le\u00edan los peatones cuando pasaban cerca de nuestra parada. Abajo, una caja decorada donde los m\u00e1s curiosos pod\u00edan meter la cabeza, encontr\u00e1ndose con im\u00e1genes de personas en situaci\u00f3n de vulnerabilidad.<\/p>\n\n\n\n<p><\/p>\n\n\n<div class=\"wp-block-image\">\n<figure class=\"aligncenter size-large is-resized\"><img loading=\"lazy\" decoding=\"async\" width=\"1200\" height=\"900\" src=\"https:\/\/www.iniciatives.org\/wp-content\/uploads\/2025\/11\/Imagen-de-WhatsApp-2025-11-25-a-las-09.10.16_46bf0dba-1200x900.jpg\" alt=\"\" class=\"wp-image-5865\" style=\"width:551px;height:auto\" srcset=\"https:\/\/www.iniciatives.org\/wp-content\/uploads\/2025\/11\/Imagen-de-WhatsApp-2025-11-25-a-las-09.10.16_46bf0dba-1200x900.jpg 1200w, https:\/\/www.iniciatives.org\/wp-content\/uploads\/2025\/11\/Imagen-de-WhatsApp-2025-11-25-a-las-09.10.16_46bf0dba-800x600.jpg 800w, https:\/\/www.iniciatives.org\/wp-content\/uploads\/2025\/11\/Imagen-de-WhatsApp-2025-11-25-a-las-09.10.16_46bf0dba-768x576.jpg 768w, https:\/\/www.iniciatives.org\/wp-content\/uploads\/2025\/11\/Imagen-de-WhatsApp-2025-11-25-a-las-09.10.16_46bf0dba-1536x1152.jpg 1536w, https:\/\/www.iniciatives.org\/wp-content\/uploads\/2025\/11\/Imagen-de-WhatsApp-2025-11-25-a-las-09.10.16_46bf0dba.jpg 1600w\" sizes=\"auto, (max-width: 1200px) 100vw, 1200px\" \/><\/figure><\/div>\n\n\n<p><\/p>\n\n\n\n<p>El mensaje era sencillo, pero contundente. Muchas veces, ignoramos a las personas en situaciones de dificultad; como sociedad, las invisibilizamos hasta el punto que acaban siendo marginalizadas.<br><br>Revertir esta situaci\u00f3n no es sencillo. Desde Iniciatives Solid\u00e0ries se trabaja para empoderar a estas personas y dotarlas de recursos para que marquen su propio itinerario de inserci\u00f3n.<br><br>Con servicios como\u00a0Diaconia\u00a0Urbana, un espacio de distribuci\u00f3n de alimentos y productos de primera necesidad ubicado en la calle de\u00a0Beth\u00e9ncourt, aqu\u00ed en el barrio de Sants, que ayuda a combatir el hambre de personas en situaci\u00f3n de sinhogarismo; o el servicio de\u00a0L\u00e0bora, situado en la calle de Santa Cec\u00edlia, que trabaja para la inserci\u00f3n sociolaboral de las personas usuarias.<br><br>Cuando se presentaba la entidad entre los vecinos y vecinas del barrio, m\u00e1s de una persona se ofreci\u00f3 a ayudar como voluntaria. Una gran noticia, puesto que este trabajo ser\u00eda imposible sin la ayuda de las personas que, de manera gratuita, dedican parte de su tiempo para echar una mano a quienes m\u00e1s lo necesitan.<br><br>Sin ir m\u00e1s lejos, la elaboraci\u00f3n de la caja que se mont\u00f3 en el estand ha estado a cargo de un grupo de j\u00f3venes norteamericanas que durante dos semanas han estado ayudando en el comedor social de la entidad. Un servicio donde cada d\u00eda vienen a almorzar unas ochenta personas a las cuales ser\u00eda imposible atender sin la ayuda de los voluntarios y voluntarias.<br><br>Si te interesa participar como voluntario o voluntaria a nuestra entidad. Puedes escribir un correo a <a href=\"mailto:voluntariat@iniciatives.org\">voluntariat@iniciatives.org<\/a>  o llenar el siguiente <a href=\"https:\/\/forms.office.com\/e\/EXHQ8eFkGC\">formulario<\/a>.<\/p>\n\n\n\n<figure class=\"wp-block-gallery has-nested-images columns-default is-cropped wp-block-gallery-1 is-layout-flex wp-block-gallery-is-layout-flex\">\n<figure class=\"wp-block-image size-large is-resized\"><img loading=\"lazy\" decoding=\"async\" width=\"1200\" height=\"900\" data-id=\"5869\" src=\"https:\/\/www.iniciatives.org\/wp-content\/uploads\/2025\/11\/Imagen-de-WhatsApp-2025-11-25-a-las-09.10.16_258b6597-1200x900.jpg\" alt=\"\" class=\"wp-image-5869\" style=\"width:408px;height:auto\" srcset=\"https:\/\/www.iniciatives.org\/wp-content\/uploads\/2025\/11\/Imagen-de-WhatsApp-2025-11-25-a-las-09.10.16_258b6597-1200x900.jpg 1200w, https:\/\/www.iniciatives.org\/wp-content\/uploads\/2025\/11\/Imagen-de-WhatsApp-2025-11-25-a-las-09.10.16_258b6597-800x600.jpg 800w, https:\/\/www.iniciatives.org\/wp-content\/uploads\/2025\/11\/Imagen-de-WhatsApp-2025-11-25-a-las-09.10.16_258b6597-768x576.jpg 768w, https:\/\/www.iniciatives.org\/wp-content\/uploads\/2025\/11\/Imagen-de-WhatsApp-2025-11-25-a-las-09.10.16_258b6597-1536x1152.jpg 1536w, https:\/\/www.iniciatives.org\/wp-content\/uploads\/2025\/11\/Imagen-de-WhatsApp-2025-11-25-a-las-09.10.16_258b6597.jpg 1600w\" sizes=\"auto, (max-width: 1200px) 100vw, 1200px\" \/><\/figure>\n\n\n\n<figure class=\"wp-block-image size-large is-resized\"><img loading=\"lazy\" decoding=\"async\" width=\"1200\" height=\"900\" data-id=\"5867\" src=\"https:\/\/www.iniciatives.org\/wp-content\/uploads\/2025\/11\/Imagen-de-WhatsApp-2025-11-25-a-las-09.10.15_d81fc26c-1200x900.jpg\" alt=\"\" class=\"wp-image-5867\" style=\"width:343px;height:auto\" srcset=\"https:\/\/www.iniciatives.org\/wp-content\/uploads\/2025\/11\/Imagen-de-WhatsApp-2025-11-25-a-las-09.10.15_d81fc26c-1200x900.jpg 1200w, https:\/\/www.iniciatives.org\/wp-content\/uploads\/2025\/11\/Imagen-de-WhatsApp-2025-11-25-a-las-09.10.15_d81fc26c-800x600.jpg 800w, https:\/\/www.iniciatives.org\/wp-content\/uploads\/2025\/11\/Imagen-de-WhatsApp-2025-11-25-a-las-09.10.15_d81fc26c-768x576.jpg 768w, https:\/\/www.iniciatives.org\/wp-content\/uploads\/2025\/11\/Imagen-de-WhatsApp-2025-11-25-a-las-09.10.15_d81fc26c-1536x1152.jpg 1536w, https:\/\/www.iniciatives.org\/wp-content\/uploads\/2025\/11\/Imagen-de-WhatsApp-2025-11-25-a-las-09.10.15_d81fc26c.jpg 1600w\" sizes=\"auto, (max-width: 1200px) 100vw, 1200px\" \/><\/figure>\n<\/figure>\n","protected":false},"excerpt":{"rendered":"<p>A finales del mes de mayo, se ha celebrado en Sants la 24.\u00aa edici\u00f3n de la\u00a0Firentitats. Un acontecimiento en el cual participan m\u00e1s de 120 asociaciones de los barrios de Sants, Hostafrancs y la Bordeta. Ya queda poco para que haga un a\u00f1o, desde que Iniciatives Solid\u00e0ries traslad\u00f3 su oficina central al barrio de Sants.&hellip;&nbsp;<a href=\"https:\/\/www.iniciatives.org\/es\/por-primera-vez-iniciatives-solidaries-participa-en-la-firentitats-de-sants\/\" rel=\"bookmark\">Leer m\u00e1s &raquo;<span class=\"screen-reader-text\">Por primera vez, Iniciatives Solid\u00e0ries participa en la Firentitats de Sants<\/span><\/a><\/p>\n","protected":false},"author":3,"featured_media":5873,"comment_status":"closed","ping_status":"open","sticky":false,"template":"","format":"standard","meta":{"_eb_attr":"","neve_meta_sidebar":"","neve_meta_container":"","neve_meta_enable_content_width":"","neve_meta_content_width":0,"neve_meta_title_alignment":"","neve_meta_author_avatar":"","neve_post_elements_order":"","neve_meta_disable_header":"","neve_meta_disable_footer":"","neve_meta_disable_title":"","footnotes":""},"categories":[15],"tags":[],"class_list":["post-5874","post","type-post","status-publish","format-standard","has-post-thumbnail","hentry","category-sin-categorizar"],"yoast_head":"<!-- This site is optimized with the Yoast SEO plugin v25.4 - https:\/\/yoast.com\/wordpress\/plugins\/seo\/ -->\n<title>Por primera vez, Iniciatives Solid\u00e0ries participa en la Firentitats de Sants - Iniciatives Solid\u00e0ries<\/title>\n<meta name=\"robots\" content=\"index, follow, max-snippet:-1, max-image-preview:large, max-video-preview:-1\" \/>\n<link rel=\"canonical\" href=\"https:\/\/www.iniciatives.org\/es\/por-primera-vez-iniciatives-solidaries-participa-en-la-firentitats-de-sants\/\" \/>\n<meta property=\"og:locale\" content=\"es_ES\" \/>\n<meta property=\"og:type\" content=\"article\" \/>\n<meta property=\"og:title\" content=\"Por primera vez, Iniciatives Solid\u00e0ries participa en la Firentitats de Sants - Iniciatives Solid\u00e0ries\" \/>\n<meta property=\"og:description\" content=\"A finales del mes de mayo, se ha celebrado en Sants la 24.\u00aa edici\u00f3n de la\u00a0Firentitats. Un acontecimiento en el cual participan m\u00e1s de 120 asociaciones de los barrios de Sants, Hostafrancs y la Bordeta. Ya queda poco para que haga un a\u00f1o, desde que Iniciatives Solid\u00e0ries traslad\u00f3 su oficina central al barrio de Sants.&hellip;&nbsp;Leer m\u00e1s &raquo;Por primera vez, Iniciatives Solid\u00e0ries participa en la Firentitats de Sants\" \/>\n<meta property=\"og:url\" content=\"https:\/\/www.iniciatives.org\/es\/por-primera-vez-iniciatives-solidaries-participa-en-la-firentitats-de-sants\/\" \/>\n<meta property=\"og:site_name\" content=\"Iniciatives Solid\u00e0ries\" \/>\n<meta property=\"article:published_time\" content=\"2025-05-30T09:38:00+00:00\" \/>\n<meta property=\"article:modified_time\" content=\"2025-11-25T10:40:15+00:00\" \/>\n<meta property=\"og:image\" content=\"https:\/\/www.iniciatives.org\/wp-content\/uploads\/2025\/05\/Imagen-de-WhatsApp-2025-11-25-a-las-09.10.15_9abec528.jpg\" \/>\n\t<meta property=\"og:image:width\" content=\"1600\" \/>\n\t<meta property=\"og:image:height\" content=\"1200\" \/>\n\t<meta property=\"og:image:type\" content=\"image\/jpeg\" \/>\n<meta name=\"author\" content=\"marta\" \/>\n<meta name=\"twitter:card\" content=\"summary_large_image\" \/>\n<meta name=\"twitter:label1\" content=\"Escrito por\" \/>\n\t<meta name=\"twitter:data1\" content=\"marta\" \/>\n\t<meta name=\"twitter:label2\" content=\"Tiempo de lectura\" \/>\n\t<meta name=\"twitter:data2\" content=\"4 minutos\" \/>\n<script type=\"application\/ld+json\" class=\"yoast-schema-graph\">{\"@context\":\"https:\/\/schema.org\",\"@graph\":[{\"@type\":\"WebPage\",\"@id\":\"https:\/\/www.iniciatives.org\/es\/por-primera-vez-iniciatives-solidaries-participa-en-la-firentitats-de-sants\/\",\"url\":\"https:\/\/www.iniciatives.org\/es\/por-primera-vez-iniciatives-solidaries-participa-en-la-firentitats-de-sants\/\",\"name\":\"Por primera vez, Iniciatives Solid\u00e0ries participa en la Firentitats de Sants - Iniciatives Solid\u00e0ries\",\"isPartOf\":{\"@id\":\"https:\/\/www.iniciatives.org\/#website\"},\"primaryImageOfPage\":{\"@id\":\"https:\/\/www.iniciatives.org\/es\/por-primera-vez-iniciatives-solidaries-participa-en-la-firentitats-de-sants\/#primaryimage\"},\"image\":{\"@id\":\"https:\/\/www.iniciatives.org\/es\/por-primera-vez-iniciatives-solidaries-participa-en-la-firentitats-de-sants\/#primaryimage\"},\"thumbnailUrl\":\"https:\/\/www.iniciatives.org\/wp-content\/uploads\/2025\/05\/Imagen-de-WhatsApp-2025-11-25-a-las-09.10.15_9abec528.jpg\",\"datePublished\":\"2025-05-30T09:38:00+00:00\",\"dateModified\":\"2025-11-25T10:40:15+00:00\",\"author\":{\"@id\":\"https:\/\/www.iniciatives.org\/#\/schema\/person\/6b6b53abb46095f47a6b492083695855\"},\"breadcrumb\":{\"@id\":\"https:\/\/www.iniciatives.org\/es\/por-primera-vez-iniciatives-solidaries-participa-en-la-firentitats-de-sants\/#breadcrumb\"},\"inLanguage\":\"es\",\"potentialAction\":[{\"@type\":\"ReadAction\",\"target\":[\"https:\/\/www.iniciatives.org\/es\/por-primera-vez-iniciatives-solidaries-participa-en-la-firentitats-de-sants\/\"]}]},{\"@type\":\"ImageObject\",\"inLanguage\":\"es\",\"@id\":\"https:\/\/www.iniciatives.org\/es\/por-primera-vez-iniciatives-solidaries-participa-en-la-firentitats-de-sants\/#primaryimage\",\"url\":\"https:\/\/www.iniciatives.org\/wp-content\/uploads\/2025\/05\/Imagen-de-WhatsApp-2025-11-25-a-las-09.10.15_9abec528.jpg\",\"contentUrl\":\"https:\/\/www.iniciatives.org\/wp-content\/uploads\/2025\/05\/Imagen-de-WhatsApp-2025-11-25-a-las-09.10.15_9abec528.jpg\",\"width\":1600,\"height\":1200},{\"@type\":\"BreadcrumbList\",\"@id\":\"https:\/\/www.iniciatives.org\/es\/por-primera-vez-iniciatives-solidaries-participa-en-la-firentitats-de-sants\/#breadcrumb\",\"itemListElement\":[{\"@type\":\"ListItem\",\"position\":1,\"name\":\"Inici\",\"item\":\"https:\/\/www.iniciatives.org\/es\/\"},{\"@type\":\"ListItem\",\"position\":2,\"name\":\"Por primera vez, Iniciatives Solid\u00e0ries participa en la Firentitats de Sants\"}]},{\"@type\":\"WebSite\",\"@id\":\"https:\/\/www.iniciatives.org\/#website\",\"url\":\"https:\/\/www.iniciatives.org\/\",\"name\":\"Iniciatives Solid\u00e0ries\",\"description\":\"Iniciatives Solid\u00e0ries \u00e9s una ONG d\u2019acci\u00f3 social, acolliment i inserci\u00f3 social\",\"potentialAction\":[{\"@type\":\"SearchAction\",\"target\":{\"@type\":\"EntryPoint\",\"urlTemplate\":\"https:\/\/www.iniciatives.org\/?s={search_term_string}\"},\"query-input\":{\"@type\":\"PropertyValueSpecification\",\"valueRequired\":true,\"valueName\":\"search_term_string\"}}],\"inLanguage\":\"es\"},{\"@type\":\"Person\",\"@id\":\"https:\/\/www.iniciatives.org\/#\/schema\/person\/6b6b53abb46095f47a6b492083695855\",\"name\":\"marta\",\"image\":{\"@type\":\"ImageObject\",\"inLanguage\":\"es\",\"@id\":\"https:\/\/www.iniciatives.org\/#\/schema\/person\/image\/\",\"url\":\"https:\/\/secure.gravatar.com\/avatar\/a0c1939c897a5dff40c633421ff039f2ae4b3bb420c6db4a2f86e965bb90d93f?s=96&d=mm&r=g\",\"contentUrl\":\"https:\/\/secure.gravatar.com\/avatar\/a0c1939c897a5dff40c633421ff039f2ae4b3bb420c6db4a2f86e965bb90d93f?s=96&d=mm&r=g\",\"caption\":\"marta\"},\"url\":\"https:\/\/www.iniciatives.org\/es\/author\/marta\/\"}]}<\/script>\n<!-- \/ Yoast SEO plugin. -->","yoast_head_json":{"title":"Por primera vez, Iniciatives Solid\u00e0ries participa en la Firentitats de Sants - Iniciatives Solid\u00e0ries","robots":{"index":"index","follow":"follow","max-snippet":"max-snippet:-1","max-image-preview":"max-image-preview:large","max-video-preview":"max-video-preview:-1"},"canonical":"https:\/\/www.iniciatives.org\/es\/por-primera-vez-iniciatives-solidaries-participa-en-la-firentitats-de-sants\/","og_locale":"es_ES","og_type":"article","og_title":"Por primera vez, Iniciatives Solid\u00e0ries participa en la Firentitats de Sants - Iniciatives Solid\u00e0ries","og_description":"A finales del mes de mayo, se ha celebrado en Sants la 24.\u00aa edici\u00f3n de la\u00a0Firentitats. Un acontecimiento en el cual participan m\u00e1s de 120 asociaciones de los barrios de Sants, Hostafrancs y la Bordeta. Ya queda poco para que haga un a\u00f1o, desde que Iniciatives Solid\u00e0ries traslad\u00f3 su oficina central al barrio de Sants.&hellip;&nbsp;Leer m\u00e1s &raquo;Por primera vez, Iniciatives Solid\u00e0ries participa en la Firentitats de Sants","og_url":"https:\/\/www.iniciatives.org\/es\/por-primera-vez-iniciatives-solidaries-participa-en-la-firentitats-de-sants\/","og_site_name":"Iniciatives Solid\u00e0ries","article_published_time":"2025-05-30T09:38:00+00:00","article_modified_time":"2025-11-25T10:40:15+00:00","og_image":[{"width":1600,"height":1200,"url":"https:\/\/www.iniciatives.org\/wp-content\/uploads\/2025\/05\/Imagen-de-WhatsApp-2025-11-25-a-las-09.10.15_9abec528.jpg","type":"image\/jpeg"}],"author":"marta","twitter_card":"summary_large_image","twitter_misc":{"Escrito por":"marta","Tiempo de lectura":"4 minutos"},"schema":{"@context":"https:\/\/schema.org","@graph":[{"@type":"WebPage","@id":"https:\/\/www.iniciatives.org\/es\/por-primera-vez-iniciatives-solidaries-participa-en-la-firentitats-de-sants\/","url":"https:\/\/www.iniciatives.org\/es\/por-primera-vez-iniciatives-solidaries-participa-en-la-firentitats-de-sants\/","name":"Por primera vez, Iniciatives Solid\u00e0ries participa en la Firentitats de Sants - Iniciatives Solid\u00e0ries","isPartOf":{"@id":"https:\/\/www.iniciatives.org\/#website"},"primaryImageOfPage":{"@id":"https:\/\/www.iniciatives.org\/es\/por-primera-vez-iniciatives-solidaries-participa-en-la-firentitats-de-sants\/#primaryimage"},"image":{"@id":"https:\/\/www.iniciatives.org\/es\/por-primera-vez-iniciatives-solidaries-participa-en-la-firentitats-de-sants\/#primaryimage"},"thumbnailUrl":"https:\/\/www.iniciatives.org\/wp-content\/uploads\/2025\/05\/Imagen-de-WhatsApp-2025-11-25-a-las-09.10.15_9abec528.jpg","datePublished":"2025-05-30T09:38:00+00:00","dateModified":"2025-11-25T10:40:15+00:00","author":{"@id":"https:\/\/www.iniciatives.org\/#\/schema\/person\/6b6b53abb46095f47a6b492083695855"},"breadcrumb":{"@id":"https:\/\/www.iniciatives.org\/es\/por-primera-vez-iniciatives-solidaries-participa-en-la-firentitats-de-sants\/#breadcrumb"},"inLanguage":"es","potentialAction":[{"@type":"ReadAction","target":["https:\/\/www.iniciatives.org\/es\/por-primera-vez-iniciatives-solidaries-participa-en-la-firentitats-de-sants\/"]}]},{"@type":"ImageObject","inLanguage":"es","@id":"https:\/\/www.iniciatives.org\/es\/por-primera-vez-iniciatives-solidaries-participa-en-la-firentitats-de-sants\/#primaryimage","url":"https:\/\/www.iniciatives.org\/wp-content\/uploads\/2025\/05\/Imagen-de-WhatsApp-2025-11-25-a-las-09.10.15_9abec528.jpg","contentUrl":"https:\/\/www.iniciatives.org\/wp-content\/uploads\/2025\/05\/Imagen-de-WhatsApp-2025-11-25-a-las-09.10.15_9abec528.jpg","width":1600,"height":1200},{"@type":"BreadcrumbList","@id":"https:\/\/www.iniciatives.org\/es\/por-primera-vez-iniciatives-solidaries-participa-en-la-firentitats-de-sants\/#breadcrumb","itemListElement":[{"@type":"ListItem","position":1,"name":"Inici","item":"https:\/\/www.iniciatives.org\/es\/"},{"@type":"ListItem","position":2,"name":"Por primera vez, Iniciatives Solid\u00e0ries participa en la Firentitats de Sants"}]},{"@type":"WebSite","@id":"https:\/\/www.iniciatives.org\/#website","url":"https:\/\/www.iniciatives.org\/","name":"Iniciatives Solid\u00e0ries","description":"Iniciatives Solid\u00e0ries \u00e9s una ONG d\u2019acci\u00f3 social, acolliment i inserci\u00f3 social","potentialAction":[{"@type":"SearchAction","target":{"@type":"EntryPoint","urlTemplate":"https:\/\/www.iniciatives.org\/?s={search_term_string}"},"query-input":{"@type":"PropertyValueSpecification","valueRequired":true,"valueName":"search_term_string"}}],"inLanguage":"es"},{"@type":"Person","@id":"https:\/\/www.iniciatives.org\/#\/schema\/person\/6b6b53abb46095f47a6b492083695855","name":"marta","image":{"@type":"ImageObject","inLanguage":"es","@id":"https:\/\/www.iniciatives.org\/#\/schema\/person\/image\/","url":"https:\/\/secure.gravatar.com\/avatar\/a0c1939c897a5dff40c633421ff039f2ae4b3bb420c6db4a2f86e965bb90d93f?s=96&d=mm&r=g","contentUrl":"https:\/\/secure.gravatar.com\/avatar\/a0c1939c897a5dff40c633421ff039f2ae4b3bb420c6db4a2f86e965bb90d93f?s=96&d=mm&r=g","caption":"marta"},"url":"https:\/\/www.iniciatives.org\/es\/author\/marta\/"}]}},"_links":{"self":[{"href":"https:\/\/www.iniciatives.org\/es\/wp-json\/wp\/v2\/posts\/5874","targetHints":{"allow":["GET"]}}],"collection":[{"href":"https:\/\/www.iniciatives.org\/es\/wp-json\/wp\/v2\/posts"}],"about":[{"href":"https:\/\/www.iniciatives.org\/es\/wp-json\/wp\/v2\/types\/post"}],"author":[{"embeddable":true,"href":"https:\/\/www.iniciatives.org\/es\/wp-json\/wp\/v2\/users\/3"}],"replies":[{"embeddable":true,"href":"https:\/\/www.iniciatives.org\/es\/wp-json\/wp\/v2\/comments?post=5874"}],"version-history":[{"count":1,"href":"https:\/\/www.iniciatives.org\/es\/wp-json\/wp\/v2\/posts\/5874\/revisions"}],"predecessor-version":[{"id":5875,"href":"https:\/\/www.iniciatives.org\/es\/wp-json\/wp\/v2\/posts\/5874\/revisions\/5875"}],"wp:featuredmedia":[{"embeddable":true,"href":"https:\/\/www.iniciatives.org\/es\/wp-json\/wp\/v2\/media\/5873"}],"wp:attachment":[{"href":"https:\/\/www.iniciatives.org\/es\/wp-json\/wp\/v2\/media?parent=5874"}],"wp:term":[{"taxonomy":"category","embeddable":true,"href":"https:\/\/www.iniciatives.org\/es\/wp-json\/wp\/v2\/categories?post=5874"},{"taxonomy":"post_tag","embeddable":true,"href":"https:\/\/www.iniciatives.org\/es\/wp-json\/wp\/v2\/tags?post=5874"}],"curies":[{"name":"wp","href":"https:\/\/api.w.org\/{rel}","templated":true}]}}