

{"id":5889,"date":"2025-06-09T13:06:00","date_gmt":"2025-06-09T11:06:00","guid":{"rendered":"https:\/\/www.iniciatives.org\/?p=5889"},"modified":"2025-11-25T13:26:22","modified_gmt":"2025-11-25T12:26:22","slug":"iniciatives-celebra-leid-mubarak-con-los-jovenes-de-costabona-i-pineto-un-dia-para-compartir-i-fortalecer-vinculos","status":"publish","type":"post","link":"https:\/\/www.iniciatives.org\/es\/iniciatives-celebra-leid-mubarak-con-los-jovenes-de-costabona-i-pineto-un-dia-para-compartir-i-fortalecer-vinculos\/","title":{"rendered":"Iniciatives celebra l\u2019Eid Mubarak con los j\u00f3venes de Costabona y Pinet\u00f3: un dia para compartir y fortalecer v\u00ednculos"},"content":{"rendered":"\n<p>Hoy tanto j\u00f3venes como educadores han vivido una jornada muy especial con motivo de la festividad de la&nbsp;Eid&nbsp;Mubarak, una celebraci\u00f3n que marca el final del Ramad\u00e1n y que tiene un gran significado espiritual y cultural. Los j\u00f3venes de&nbsp;Costabona&nbsp;han sido los protagonistas de este encuentro, que ha tenido como objetivo compartir, disfrutar y reforzar los v\u00ednculos entre todos.<\/p>\n\n\n\n<p>La actividad central ha sido una barbacoa comunitaria, en la cual los chicos han participado activamente desde el principio: preparando los ingredientes, organizando los espacios y colaborando en la cocina. Este trabajo conjunto ha sido una oportunidad para fomentar la cooperaci\u00f3n, la responsabilidad y el respeto mutuo, a la vez que todos han aportado su granito de arena para hacer de la jornada un \u00e9xito.<\/p>\n\n\n\n<p>Una vez todo estaba a punto, se han sentado para compartir la comida en un ambiente distendido y lleno de risas. Ha sido un momento para conversar, intercambiar experiencias y disfrutar de la compa\u00f1\u00eda, creando un espacio de convivencia que refuerza la cohesi\u00f3n del grupo y la sensaci\u00f3n de pertenencia.<br>La celebraci\u00f3n ha estado mucho m\u00e1s que una comida: ha sido una experiencia que ha favorecido la diversidad cultural y la importancia de mantener tradiciones que unen.<\/p>\n\n\n<div class=\"wp-block-image\">\n<figure class=\"aligncenter size-large is-resized\"><img loading=\"lazy\" decoding=\"async\" width=\"1200\" height=\"675\" src=\"https:\/\/www.iniciatives.org\/wp-content\/uploads\/2025\/11\/Diseno-sin-titulo-4-1200x675.png\" alt=\"\" class=\"wp-image-5881\" style=\"width:601px;height:auto\" srcset=\"https:\/\/www.iniciatives.org\/wp-content\/uploads\/2025\/11\/Diseno-sin-titulo-4-1200x675.png 1200w, https:\/\/www.iniciatives.org\/wp-content\/uploads\/2025\/11\/Diseno-sin-titulo-4-800x450.png 800w, https:\/\/www.iniciatives.org\/wp-content\/uploads\/2025\/11\/Diseno-sin-titulo-4-768x432.png 768w, https:\/\/www.iniciatives.org\/wp-content\/uploads\/2025\/11\/Diseno-sin-titulo-4-1536x864.png 1536w, https:\/\/www.iniciatives.org\/wp-content\/uploads\/2025\/11\/Diseno-sin-titulo-4.png 1599w\" sizes=\"auto, (max-width: 1200px) 100vw, 1200px\" \/><\/figure><\/div>\n\n\n<p><\/p>\n\n\n\n<p>La Llar el Pinet\u00f3&nbsp;tambi\u00e9n disfrut\u00f3 de la Fiesta del Sacrificio, una de las festividades m\u00e1s significativas y solemnes de la religi\u00f3n isl\u00e1mica. Esta celebraci\u00f3n, que conmemora el gesto de Abraham como s\u00edmbolo de fe y obediencia, tuvo lugar en un ambiente de convivencia y respeto, con la colaboraci\u00f3n activa de los j\u00f3venes. El acontecimiento no solo fue una ocasi\u00f3n para compartir tradiciones y rituales, sino tambi\u00e9n para reforzar los lazos entre las diferentes comunidades presentes en el municipio.<\/p>\n\n\n\n<p>Durante la jornada, se llevaron a cabo actividades culturales y momentos de encuentro que favorecieron la cohesi\u00f3n social, el di\u00e1logo intercultural y la comprensi\u00f3n mutua entre personas de varias creencias y or\u00edgenes. Esta iniciativa refleja el compromiso de la llar con la inclusi\u00f3n y la diversidad, promoviendo valores como la tolerancia, la solidaridad y el respeto mutuo. En definitiva, la Fiesta del Sacrificio se ha convertido en un espacio para celebrar la pluralidad y fortalecer la convivencia pac\u00edfica dentro de la comunidad.<\/p>\n\n\n<div class=\"wp-block-image\">\n<figure class=\"aligncenter size-large is-resized\"><img loading=\"lazy\" decoding=\"async\" width=\"1200\" height=\"900\" src=\"https:\/\/www.iniciatives.org\/wp-content\/uploads\/2025\/06\/8496139f-ece8-45e3-9e5c-3b3a65944281-1200x900.jpg\" alt=\"\" class=\"wp-image-5894\" style=\"width:524px;height:auto\" srcset=\"https:\/\/www.iniciatives.org\/wp-content\/uploads\/2025\/06\/8496139f-ece8-45e3-9e5c-3b3a65944281-1200x900.jpg 1200w, https:\/\/www.iniciatives.org\/wp-content\/uploads\/2025\/06\/8496139f-ece8-45e3-9e5c-3b3a65944281-800x600.jpg 800w, https:\/\/www.iniciatives.org\/wp-content\/uploads\/2025\/06\/8496139f-ece8-45e3-9e5c-3b3a65944281-768x576.jpg 768w, https:\/\/www.iniciatives.org\/wp-content\/uploads\/2025\/06\/8496139f-ece8-45e3-9e5c-3b3a65944281-1536x1152.jpg 1536w, https:\/\/www.iniciatives.org\/wp-content\/uploads\/2025\/06\/8496139f-ece8-45e3-9e5c-3b3a65944281.jpg 2048w\" sizes=\"auto, (max-width: 1200px) 100vw, 1200px\" \/><\/figure><\/div>\n\n\n<p><\/p>\n","protected":false},"excerpt":{"rendered":"<p>Hoy tanto j\u00f3venes como educadores han vivido una jornada muy especial con motivo de la festividad de la&nbsp;Eid&nbsp;Mubarak, una celebraci\u00f3n que marca el final del Ramad\u00e1n y que tiene un gran significado espiritual y cultural. Los j\u00f3venes de&nbsp;Costabona&nbsp;han sido los protagonistas de este encuentro, que ha tenido como objetivo compartir, disfrutar y reforzar los v\u00ednculos&hellip;&nbsp;<a href=\"https:\/\/www.iniciatives.org\/es\/iniciatives-celebra-leid-mubarak-con-los-jovenes-de-costabona-i-pineto-un-dia-para-compartir-i-fortalecer-vinculos\/\" rel=\"bookmark\">Leer m\u00e1s &raquo;<span class=\"screen-reader-text\">Iniciatives celebra l\u2019Eid Mubarak con los j\u00f3venes de Costabona y Pinet\u00f3: un dia para compartir y fortalecer v\u00ednculos<\/span><\/a><\/p>\n","protected":false},"author":3,"featured_media":5887,"comment_status":"closed","ping_status":"open","sticky":false,"template":"","format":"standard","meta":{"_eb_attr":"","neve_meta_sidebar":"","neve_meta_container":"","neve_meta_enable_content_width":"","neve_meta_content_width":0,"neve_meta_title_alignment":"","neve_meta_author_avatar":"","neve_post_elements_order":"","neve_meta_disable_header":"","neve_meta_disable_footer":"","neve_meta_disable_title":"","footnotes":""},"categories":[15],"tags":[],"class_list":["post-5889","post","type-post","status-publish","format-standard","has-post-thumbnail","hentry","category-sin-categorizar"],"yoast_head":"<!-- This site is optimized with the Yoast SEO plugin v25.4 - https:\/\/yoast.com\/wordpress\/plugins\/seo\/ -->\n<title>Iniciatives celebra l\u2019Eid Mubarak con los j\u00f3venes de Costabona y Pinet\u00f3: un dia para compartir y fortalecer v\u00ednculos - Iniciatives Solid\u00e0ries<\/title>\n<meta name=\"robots\" content=\"index, follow, max-snippet:-1, max-image-preview:large, max-video-preview:-1\" \/>\n<link rel=\"canonical\" href=\"https:\/\/www.iniciatives.org\/es\/iniciatives-celebra-leid-mubarak-con-los-jovenes-de-costabona-i-pineto-un-dia-para-compartir-i-fortalecer-vinculos\/\" \/>\n<meta property=\"og:locale\" content=\"es_ES\" \/>\n<meta property=\"og:type\" content=\"article\" \/>\n<meta property=\"og:title\" content=\"Iniciatives celebra l\u2019Eid Mubarak con los j\u00f3venes de Costabona y Pinet\u00f3: un dia para compartir y fortalecer v\u00ednculos - Iniciatives Solid\u00e0ries\" \/>\n<meta property=\"og:description\" content=\"Hoy tanto j\u00f3venes como educadores han vivido una jornada muy especial con motivo de la festividad de la&nbsp;Eid&nbsp;Mubarak, una celebraci\u00f3n que marca el final del Ramad\u00e1n y que tiene un gran significado espiritual y cultural. Los j\u00f3venes de&nbsp;Costabona&nbsp;han sido los protagonistas de este encuentro, que ha tenido como objetivo compartir, disfrutar y reforzar los v\u00ednculos&hellip;&nbsp;Leer m\u00e1s &raquo;Iniciatives celebra l\u2019Eid Mubarak con los j\u00f3venes de Costabona y Pinet\u00f3: un dia para compartir y fortalecer v\u00ednculos\" \/>\n<meta property=\"og:url\" content=\"https:\/\/www.iniciatives.org\/es\/iniciatives-celebra-leid-mubarak-con-los-jovenes-de-costabona-i-pineto-un-dia-para-compartir-i-fortalecer-vinculos\/\" \/>\n<meta property=\"og:site_name\" content=\"Iniciatives Solid\u00e0ries\" \/>\n<meta property=\"article:published_time\" content=\"2025-06-09T11:06:00+00:00\" \/>\n<meta property=\"article:modified_time\" content=\"2025-11-25T12:26:22+00:00\" \/>\n<meta property=\"og:image\" content=\"https:\/\/www.iniciatives.org\/wp-content\/uploads\/2025\/06\/destaacada.png\" \/>\n\t<meta property=\"og:image:width\" content=\"1200\" \/>\n\t<meta property=\"og:image:height\" content=\"800\" \/>\n\t<meta property=\"og:image:type\" content=\"image\/png\" \/>\n<meta name=\"author\" content=\"marta\" \/>\n<meta name=\"twitter:card\" content=\"summary_large_image\" \/>\n<meta name=\"twitter:label1\" content=\"Escrito por\" \/>\n\t<meta name=\"twitter:data1\" content=\"marta\" \/>\n\t<meta name=\"twitter:label2\" content=\"Tiempo de lectura\" \/>\n\t<meta name=\"twitter:data2\" content=\"3 minutos\" \/>\n<script type=\"application\/ld+json\" class=\"yoast-schema-graph\">{\"@context\":\"https:\/\/schema.org\",\"@graph\":[{\"@type\":\"WebPage\",\"@id\":\"https:\/\/www.iniciatives.org\/es\/iniciatives-celebra-leid-mubarak-con-los-jovenes-de-costabona-i-pineto-un-dia-para-compartir-i-fortalecer-vinculos\/\",\"url\":\"https:\/\/www.iniciatives.org\/es\/iniciatives-celebra-leid-mubarak-con-los-jovenes-de-costabona-i-pineto-un-dia-para-compartir-i-fortalecer-vinculos\/\",\"name\":\"Iniciatives celebra l\u2019Eid Mubarak con los j\u00f3venes de Costabona y Pinet\u00f3: un dia para compartir y fortalecer v\u00ednculos - Iniciatives Solid\u00e0ries\",\"isPartOf\":{\"@id\":\"https:\/\/www.iniciatives.org\/#website\"},\"primaryImageOfPage\":{\"@id\":\"https:\/\/www.iniciatives.org\/es\/iniciatives-celebra-leid-mubarak-con-los-jovenes-de-costabona-i-pineto-un-dia-para-compartir-i-fortalecer-vinculos\/#primaryimage\"},\"image\":{\"@id\":\"https:\/\/www.iniciatives.org\/es\/iniciatives-celebra-leid-mubarak-con-los-jovenes-de-costabona-i-pineto-un-dia-para-compartir-i-fortalecer-vinculos\/#primaryimage\"},\"thumbnailUrl\":\"https:\/\/www.iniciatives.org\/wp-content\/uploads\/2025\/06\/destaacada.png\",\"datePublished\":\"2025-06-09T11:06:00+00:00\",\"dateModified\":\"2025-11-25T12:26:22+00:00\",\"author\":{\"@id\":\"https:\/\/www.iniciatives.org\/#\/schema\/person\/6b6b53abb46095f47a6b492083695855\"},\"breadcrumb\":{\"@id\":\"https:\/\/www.iniciatives.org\/es\/iniciatives-celebra-leid-mubarak-con-los-jovenes-de-costabona-i-pineto-un-dia-para-compartir-i-fortalecer-vinculos\/#breadcrumb\"},\"inLanguage\":\"es\",\"potentialAction\":[{\"@type\":\"ReadAction\",\"target\":[\"https:\/\/www.iniciatives.org\/es\/iniciatives-celebra-leid-mubarak-con-los-jovenes-de-costabona-i-pineto-un-dia-para-compartir-i-fortalecer-vinculos\/\"]}]},{\"@type\":\"ImageObject\",\"inLanguage\":\"es\",\"@id\":\"https:\/\/www.iniciatives.org\/es\/iniciatives-celebra-leid-mubarak-con-los-jovenes-de-costabona-i-pineto-un-dia-para-compartir-i-fortalecer-vinculos\/#primaryimage\",\"url\":\"https:\/\/www.iniciatives.org\/wp-content\/uploads\/2025\/06\/destaacada.png\",\"contentUrl\":\"https:\/\/www.iniciatives.org\/wp-content\/uploads\/2025\/06\/destaacada.png\",\"width\":1200,\"height\":800},{\"@type\":\"BreadcrumbList\",\"@id\":\"https:\/\/www.iniciatives.org\/es\/iniciatives-celebra-leid-mubarak-con-los-jovenes-de-costabona-i-pineto-un-dia-para-compartir-i-fortalecer-vinculos\/#breadcrumb\",\"itemListElement\":[{\"@type\":\"ListItem\",\"position\":1,\"name\":\"Inici\",\"item\":\"https:\/\/www.iniciatives.org\/es\/\"},{\"@type\":\"ListItem\",\"position\":2,\"name\":\"Iniciatives celebra l\u2019Eid Mubarak con los j\u00f3venes de Costabona y Pinet\u00f3: un dia para compartir y fortalecer v\u00ednculos\"}]},{\"@type\":\"WebSite\",\"@id\":\"https:\/\/www.iniciatives.org\/#website\",\"url\":\"https:\/\/www.iniciatives.org\/\",\"name\":\"Iniciatives Solid\u00e0ries\",\"description\":\"Iniciatives Solid\u00e0ries \u00e9s una ONG d\u2019acci\u00f3 social, acolliment i inserci\u00f3 social\",\"potentialAction\":[{\"@type\":\"SearchAction\",\"target\":{\"@type\":\"EntryPoint\",\"urlTemplate\":\"https:\/\/www.iniciatives.org\/?s={search_term_string}\"},\"query-input\":{\"@type\":\"PropertyValueSpecification\",\"valueRequired\":true,\"valueName\":\"search_term_string\"}}],\"inLanguage\":\"es\"},{\"@type\":\"Person\",\"@id\":\"https:\/\/www.iniciatives.org\/#\/schema\/person\/6b6b53abb46095f47a6b492083695855\",\"name\":\"marta\",\"image\":{\"@type\":\"ImageObject\",\"inLanguage\":\"es\",\"@id\":\"https:\/\/www.iniciatives.org\/#\/schema\/person\/image\/\",\"url\":\"https:\/\/secure.gravatar.com\/avatar\/a0c1939c897a5dff40c633421ff039f2ae4b3bb420c6db4a2f86e965bb90d93f?s=96&d=mm&r=g\",\"contentUrl\":\"https:\/\/secure.gravatar.com\/avatar\/a0c1939c897a5dff40c633421ff039f2ae4b3bb420c6db4a2f86e965bb90d93f?s=96&d=mm&r=g\",\"caption\":\"marta\"},\"url\":\"https:\/\/www.iniciatives.org\/es\/author\/marta\/\"}]}<\/script>\n<!-- \/ Yoast SEO plugin. -->","yoast_head_json":{"title":"Iniciatives celebra l\u2019Eid Mubarak con los j\u00f3venes de Costabona y Pinet\u00f3: un dia para compartir y fortalecer v\u00ednculos - Iniciatives Solid\u00e0ries","robots":{"index":"index","follow":"follow","max-snippet":"max-snippet:-1","max-image-preview":"max-image-preview:large","max-video-preview":"max-video-preview:-1"},"canonical":"https:\/\/www.iniciatives.org\/es\/iniciatives-celebra-leid-mubarak-con-los-jovenes-de-costabona-i-pineto-un-dia-para-compartir-i-fortalecer-vinculos\/","og_locale":"es_ES","og_type":"article","og_title":"Iniciatives celebra l\u2019Eid Mubarak con los j\u00f3venes de Costabona y Pinet\u00f3: un dia para compartir y fortalecer v\u00ednculos - Iniciatives Solid\u00e0ries","og_description":"Hoy tanto j\u00f3venes como educadores han vivido una jornada muy especial con motivo de la festividad de la&nbsp;Eid&nbsp;Mubarak, una celebraci\u00f3n que marca el final del Ramad\u00e1n y que tiene un gran significado espiritual y cultural. Los j\u00f3venes de&nbsp;Costabona&nbsp;han sido los protagonistas de este encuentro, que ha tenido como objetivo compartir, disfrutar y reforzar los v\u00ednculos&hellip;&nbsp;Leer m\u00e1s &raquo;Iniciatives celebra l\u2019Eid Mubarak con los j\u00f3venes de Costabona y Pinet\u00f3: un dia para compartir y fortalecer v\u00ednculos","og_url":"https:\/\/www.iniciatives.org\/es\/iniciatives-celebra-leid-mubarak-con-los-jovenes-de-costabona-i-pineto-un-dia-para-compartir-i-fortalecer-vinculos\/","og_site_name":"Iniciatives Solid\u00e0ries","article_published_time":"2025-06-09T11:06:00+00:00","article_modified_time":"2025-11-25T12:26:22+00:00","og_image":[{"width":1200,"height":800,"url":"https:\/\/www.iniciatives.org\/wp-content\/uploads\/2025\/06\/destaacada.png","type":"image\/png"}],"author":"marta","twitter_card":"summary_large_image","twitter_misc":{"Escrito por":"marta","Tiempo de lectura":"3 minutos"},"schema":{"@context":"https:\/\/schema.org","@graph":[{"@type":"WebPage","@id":"https:\/\/www.iniciatives.org\/es\/iniciatives-celebra-leid-mubarak-con-los-jovenes-de-costabona-i-pineto-un-dia-para-compartir-i-fortalecer-vinculos\/","url":"https:\/\/www.iniciatives.org\/es\/iniciatives-celebra-leid-mubarak-con-los-jovenes-de-costabona-i-pineto-un-dia-para-compartir-i-fortalecer-vinculos\/","name":"Iniciatives celebra l\u2019Eid Mubarak con los j\u00f3venes de Costabona y Pinet\u00f3: un dia para compartir y fortalecer v\u00ednculos - Iniciatives Solid\u00e0ries","isPartOf":{"@id":"https:\/\/www.iniciatives.org\/#website"},"primaryImageOfPage":{"@id":"https:\/\/www.iniciatives.org\/es\/iniciatives-celebra-leid-mubarak-con-los-jovenes-de-costabona-i-pineto-un-dia-para-compartir-i-fortalecer-vinculos\/#primaryimage"},"image":{"@id":"https:\/\/www.iniciatives.org\/es\/iniciatives-celebra-leid-mubarak-con-los-jovenes-de-costabona-i-pineto-un-dia-para-compartir-i-fortalecer-vinculos\/#primaryimage"},"thumbnailUrl":"https:\/\/www.iniciatives.org\/wp-content\/uploads\/2025\/06\/destaacada.png","datePublished":"2025-06-09T11:06:00+00:00","dateModified":"2025-11-25T12:26:22+00:00","author":{"@id":"https:\/\/www.iniciatives.org\/#\/schema\/person\/6b6b53abb46095f47a6b492083695855"},"breadcrumb":{"@id":"https:\/\/www.iniciatives.org\/es\/iniciatives-celebra-leid-mubarak-con-los-jovenes-de-costabona-i-pineto-un-dia-para-compartir-i-fortalecer-vinculos\/#breadcrumb"},"inLanguage":"es","potentialAction":[{"@type":"ReadAction","target":["https:\/\/www.iniciatives.org\/es\/iniciatives-celebra-leid-mubarak-con-los-jovenes-de-costabona-i-pineto-un-dia-para-compartir-i-fortalecer-vinculos\/"]}]},{"@type":"ImageObject","inLanguage":"es","@id":"https:\/\/www.iniciatives.org\/es\/iniciatives-celebra-leid-mubarak-con-los-jovenes-de-costabona-i-pineto-un-dia-para-compartir-i-fortalecer-vinculos\/#primaryimage","url":"https:\/\/www.iniciatives.org\/wp-content\/uploads\/2025\/06\/destaacada.png","contentUrl":"https:\/\/www.iniciatives.org\/wp-content\/uploads\/2025\/06\/destaacada.png","width":1200,"height":800},{"@type":"BreadcrumbList","@id":"https:\/\/www.iniciatives.org\/es\/iniciatives-celebra-leid-mubarak-con-los-jovenes-de-costabona-i-pineto-un-dia-para-compartir-i-fortalecer-vinculos\/#breadcrumb","itemListElement":[{"@type":"ListItem","position":1,"name":"Inici","item":"https:\/\/www.iniciatives.org\/es\/"},{"@type":"ListItem","position":2,"name":"Iniciatives celebra l\u2019Eid Mubarak con los j\u00f3venes de Costabona y Pinet\u00f3: un dia para compartir y fortalecer v\u00ednculos"}]},{"@type":"WebSite","@id":"https:\/\/www.iniciatives.org\/#website","url":"https:\/\/www.iniciatives.org\/","name":"Iniciatives Solid\u00e0ries","description":"Iniciatives Solid\u00e0ries \u00e9s una ONG d\u2019acci\u00f3 social, acolliment i inserci\u00f3 social","potentialAction":[{"@type":"SearchAction","target":{"@type":"EntryPoint","urlTemplate":"https:\/\/www.iniciatives.org\/?s={search_term_string}"},"query-input":{"@type":"PropertyValueSpecification","valueRequired":true,"valueName":"search_term_string"}}],"inLanguage":"es"},{"@type":"Person","@id":"https:\/\/www.iniciatives.org\/#\/schema\/person\/6b6b53abb46095f47a6b492083695855","name":"marta","image":{"@type":"ImageObject","inLanguage":"es","@id":"https:\/\/www.iniciatives.org\/#\/schema\/person\/image\/","url":"https:\/\/secure.gravatar.com\/avatar\/a0c1939c897a5dff40c633421ff039f2ae4b3bb420c6db4a2f86e965bb90d93f?s=96&d=mm&r=g","contentUrl":"https:\/\/secure.gravatar.com\/avatar\/a0c1939c897a5dff40c633421ff039f2ae4b3bb420c6db4a2f86e965bb90d93f?s=96&d=mm&r=g","caption":"marta"},"url":"https:\/\/www.iniciatives.org\/es\/author\/marta\/"}]}},"_links":{"self":[{"href":"https:\/\/www.iniciatives.org\/es\/wp-json\/wp\/v2\/posts\/5889","targetHints":{"allow":["GET"]}}],"collection":[{"href":"https:\/\/www.iniciatives.org\/es\/wp-json\/wp\/v2\/posts"}],"about":[{"href":"https:\/\/www.iniciatives.org\/es\/wp-json\/wp\/v2\/types\/post"}],"author":[{"embeddable":true,"href":"https:\/\/www.iniciatives.org\/es\/wp-json\/wp\/v2\/users\/3"}],"replies":[{"embeddable":true,"href":"https:\/\/www.iniciatives.org\/es\/wp-json\/wp\/v2\/comments?post=5889"}],"version-history":[{"count":3,"href":"https:\/\/www.iniciatives.org\/es\/wp-json\/wp\/v2\/posts\/5889\/revisions"}],"predecessor-version":[{"id":5897,"href":"https:\/\/www.iniciatives.org\/es\/wp-json\/wp\/v2\/posts\/5889\/revisions\/5897"}],"wp:featuredmedia":[{"embeddable":true,"href":"https:\/\/www.iniciatives.org\/es\/wp-json\/wp\/v2\/media\/5887"}],"wp:attachment":[{"href":"https:\/\/www.iniciatives.org\/es\/wp-json\/wp\/v2\/media?parent=5889"}],"wp:term":[{"taxonomy":"category","embeddable":true,"href":"https:\/\/www.iniciatives.org\/es\/wp-json\/wp\/v2\/categories?post=5889"},{"taxonomy":"post_tag","embeddable":true,"href":"https:\/\/www.iniciatives.org\/es\/wp-json\/wp\/v2\/tags?post=5889"}],"curies":[{"name":"wp","href":"https:\/\/api.w.org\/{rel}","templated":true}]}}