

{"id":5926,"date":"2025-06-26T12:04:00","date_gmt":"2025-06-26T10:04:00","guid":{"rendered":"https:\/\/www.iniciatives.org\/?p=5926"},"modified":"2025-11-26T12:11:32","modified_gmt":"2025-11-26T11:11:32","slug":"fiesta-de-fin-de-curso-y-fiestas-de-barrio-con-el-ginkgo-como-protagonista","status":"publish","type":"post","link":"https:\/\/www.iniciatives.org\/es\/fiesta-de-fin-de-curso-y-fiestas-de-barrio-con-el-ginkgo-como-protagonista\/","title":{"rendered":"Fiesta de fin de curso y fiestas de barrio con el Ginkgo como protagonista"},"content":{"rendered":"\n<p>El pasado mi\u00e9rcoles 18 de junio se celebr\u00f3 la fiesta de fin de curso en el\u00a0Ginkgo, una tarde llena de alegr\u00eda, emoci\u00f3n y mucha participaci\u00f3n. Las familias sorprendieron con una merienda deliciosa, con platos t\u00edpicos de diferentes pa\u00edses donde la diversidad y la convivencia fueron las aut\u00e9nticas protagonistas!<\/p>\n\n\n\n<p>El&nbsp;photocall&nbsp;del&nbsp;Ginkgo&nbsp;regal\u00f3 risas y momentos divertidos, con carteles llenos de color y mensajes alentadores.<\/p>\n\n\n\n<p>Uno de los instantes m\u00e1s emotivos fue la entrega de cuadros a los y las j\u00f3venes de 4.\u00ba de ESO: un recuerdo de su paso por el centro y un deseo sincero para la nueva etapa que empiezan. En total, fueron unas 70 personas compartiendo esta experiencia inolvidable.<\/p>\n\n\n\n<p>Tambi\u00e9n hay que destacar que el martes, se celebr\u00f3 la fiesta de fin de curso del proyecto <em>Palabras que transforman<\/em>, un espacio de alfabetizaci\u00f3n en castellano que ha ayudado a muchas participantes a crecer y empoderarse a trav\u00e9s de la lengua.<\/p>\n\n\n\n<p>Buena suerte a los graduados y a todas las personas participantes!<\/p>\n\n\n<div class=\"wp-block-image\">\n<figure class=\"aligncenter size-large is-resized\"><img loading=\"lazy\" decoding=\"async\" width=\"1200\" height=\"900\" src=\"https:\/\/www.iniciatives.org\/wp-content\/uploads\/2025\/11\/1-1200x900.jpg\" alt=\"\" class=\"wp-image-5910\" style=\"width:576px;height:auto\" srcset=\"https:\/\/www.iniciatives.org\/wp-content\/uploads\/2025\/11\/1-1200x900.jpg 1200w, https:\/\/www.iniciatives.org\/wp-content\/uploads\/2025\/11\/1-800x600.jpg 800w, https:\/\/www.iniciatives.org\/wp-content\/uploads\/2025\/11\/1-768x576.jpg 768w, https:\/\/www.iniciatives.org\/wp-content\/uploads\/2025\/11\/1-1536x1152.jpg 1536w, https:\/\/www.iniciatives.org\/wp-content\/uploads\/2025\/11\/1.jpg 1600w\" sizes=\"auto, (max-width: 1200px) 100vw, 1200px\" \/><\/figure><\/div>\n\n\n<p><\/p>\n\n\n\n<p>Por otro lado, el viernes 20 de junio, se vivi\u00f3 una jornada muy especial participando activamente en las fiestas de Barrio Ciudad Cooperativa \u2013 Moli Nou de Sant\u00a0Boi.<br>Estas fiestas son un momento clave para reforzar los v\u00ednculos entre vecinos, entidades y proyectos locales, y este a\u00f1o el Ginkgo\u00a0ha querido aportar toda su energ\u00eda y creatividad.<\/p>\n\n\n\n<p>Los j\u00f3venes del centro empezaron preparando la decoraci\u00f3n del espacio, llen\u00e1ndolo de color y d\u00e1ndole un toque acogedor que invitaba a todo el mundo a participar.<\/p>\n\n\n\n<p>Pero esto no fue todo, dinamizaron dos talleres que fueron todo un \u00e9xito, como fue la creaci\u00f3n de chapas personalizadas, donde grandes y peque\u00f1os pudieron dise\u00f1ar sus propias chapas con mensajes originales y dibujos \u00fanicos y el taller de maquillaje facial, que convirti\u00f3 la tarde en una explosi\u00f3n de colores y sonrisas, con caras pintadas que reflejaban la diversi\u00f3n del momento.<\/p>\n\n\n\n<p>La respuesta fue incre\u00edble: ni\u00f1os, j\u00f3venes y adultos se acercaron con ganas de compartir, crear y pasarlo bien. Cada actividad se convirti\u00f3 en una oportunidad para hacer nuevos amigos y llevarse un recuerdo especial.<\/p>\n\n\n\n<p>El ambiente fue inmejorable: una tarde llena de alegr\u00eda, convivencia y comunidad, donde las fiestas de barrio demostraron, una vez m\u00e1s, que son mucho m\u00e1s que una celebraci\u00f3n: son un espacio de encuentro, de intercambio cultural y de cohesi\u00f3n social. La participaci\u00f3n del\u00a0Ginkgo\u00a0sum\u00f3 todav\u00eda m\u00e1s magia a esta experiencia colectiva!<\/p>\n\n\n<div class=\"wp-block-image\">\n<figure class=\"aligncenter size-large is-resized\"><img loading=\"lazy\" decoding=\"async\" width=\"1200\" height=\"676\" src=\"https:\/\/www.iniciatives.org\/wp-content\/uploads\/2025\/06\/14-1200x676.jpg\" alt=\"\" class=\"wp-image-5923\" style=\"aspect-ratio:1.775188810241474;width:584px;height:auto\" srcset=\"https:\/\/www.iniciatives.org\/wp-content\/uploads\/2025\/06\/14-1200x676.jpg 1200w, https:\/\/www.iniciatives.org\/wp-content\/uploads\/2025\/06\/14-800x450.jpg 800w, https:\/\/www.iniciatives.org\/wp-content\/uploads\/2025\/06\/14-768x432.jpg 768w, https:\/\/www.iniciatives.org\/wp-content\/uploads\/2025\/06\/14.jpg 1277w\" sizes=\"auto, (max-width: 1200px) 100vw, 1200px\" \/><\/figure><\/div>","protected":false},"excerpt":{"rendered":"<p>El pasado mi\u00e9rcoles 18 de junio se celebr\u00f3 la fiesta de fin de curso en el\u00a0Ginkgo, una tarde llena de alegr\u00eda, emoci\u00f3n y mucha participaci\u00f3n. Las familias sorprendieron con una merienda deliciosa, con platos t\u00edpicos de diferentes pa\u00edses donde la diversidad y la convivencia fueron las aut\u00e9nticas protagonistas! El&nbsp;photocall&nbsp;del&nbsp;Ginkgo&nbsp;regal\u00f3 risas y momentos divertidos, con carteles&hellip;&nbsp;<a href=\"https:\/\/www.iniciatives.org\/es\/fiesta-de-fin-de-curso-y-fiestas-de-barrio-con-el-ginkgo-como-protagonista\/\" rel=\"bookmark\">Leer m\u00e1s &raquo;<span class=\"screen-reader-text\">Fiesta de fin de curso y fiestas de barrio con el Ginkgo como protagonista<\/span><\/a><\/p>\n","protected":false},"author":3,"featured_media":5919,"comment_status":"closed","ping_status":"open","sticky":false,"template":"","format":"standard","meta":{"_eb_attr":"","neve_meta_sidebar":"","neve_meta_container":"","neve_meta_enable_content_width":"","neve_meta_content_width":0,"neve_meta_title_alignment":"","neve_meta_author_avatar":"","neve_post_elements_order":"","neve_meta_disable_header":"","neve_meta_disable_footer":"","neve_meta_disable_title":"","footnotes":""},"categories":[15],"tags":[],"class_list":["post-5926","post","type-post","status-publish","format-standard","has-post-thumbnail","hentry","category-sin-categorizar"],"yoast_head":"<!-- This site is optimized with the Yoast SEO plugin v25.4 - https:\/\/yoast.com\/wordpress\/plugins\/seo\/ -->\n<title>Fiesta de fin de curso y fiestas de barrio con el Ginkgo como protagonista - Iniciatives Solid\u00e0ries<\/title>\n<meta name=\"robots\" content=\"index, follow, max-snippet:-1, max-image-preview:large, max-video-preview:-1\" \/>\n<link rel=\"canonical\" href=\"https:\/\/www.iniciatives.org\/es\/fiesta-de-fin-de-curso-y-fiestas-de-barrio-con-el-ginkgo-como-protagonista\/\" \/>\n<meta property=\"og:locale\" content=\"es_ES\" \/>\n<meta property=\"og:type\" content=\"article\" \/>\n<meta property=\"og:title\" content=\"Fiesta de fin de curso y fiestas de barrio con el Ginkgo como protagonista - Iniciatives Solid\u00e0ries\" \/>\n<meta property=\"og:description\" content=\"El pasado mi\u00e9rcoles 18 de junio se celebr\u00f3 la fiesta de fin de curso en el\u00a0Ginkgo, una tarde llena de alegr\u00eda, emoci\u00f3n y mucha participaci\u00f3n. Las familias sorprendieron con una merienda deliciosa, con platos t\u00edpicos de diferentes pa\u00edses donde la diversidad y la convivencia fueron las aut\u00e9nticas protagonistas! El&nbsp;photocall&nbsp;del&nbsp;Ginkgo&nbsp;regal\u00f3 risas y momentos divertidos, con carteles&hellip;&nbsp;Leer m\u00e1s &raquo;Fiesta de fin de curso y fiestas de barrio con el Ginkgo como protagonista\" \/>\n<meta property=\"og:url\" content=\"https:\/\/www.iniciatives.org\/es\/fiesta-de-fin-de-curso-y-fiestas-de-barrio-con-el-ginkgo-como-protagonista\/\" \/>\n<meta property=\"og:site_name\" content=\"Iniciatives Solid\u00e0ries\" \/>\n<meta property=\"article:published_time\" content=\"2025-06-26T10:04:00+00:00\" \/>\n<meta property=\"article:modified_time\" content=\"2025-11-26T11:11:32+00:00\" \/>\n<meta property=\"og:image\" content=\"https:\/\/www.iniciatives.org\/wp-content\/uploads\/2025\/11\/Diseno-sin-titulo-5.png\" \/>\n\t<meta property=\"og:image:width\" content=\"1200\" \/>\n\t<meta property=\"og:image:height\" content=\"800\" \/>\n\t<meta property=\"og:image:type\" content=\"image\/png\" \/>\n<meta name=\"author\" content=\"marta\" \/>\n<meta name=\"twitter:card\" content=\"summary_large_image\" \/>\n<meta name=\"twitter:label1\" content=\"Escrito por\" \/>\n\t<meta name=\"twitter:data1\" content=\"marta\" \/>\n\t<meta name=\"twitter:label2\" content=\"Tiempo de lectura\" \/>\n\t<meta name=\"twitter:data2\" content=\"3 minutos\" \/>\n<script type=\"application\/ld+json\" class=\"yoast-schema-graph\">{\"@context\":\"https:\/\/schema.org\",\"@graph\":[{\"@type\":\"WebPage\",\"@id\":\"https:\/\/www.iniciatives.org\/es\/fiesta-de-fin-de-curso-y-fiestas-de-barrio-con-el-ginkgo-como-protagonista\/\",\"url\":\"https:\/\/www.iniciatives.org\/es\/fiesta-de-fin-de-curso-y-fiestas-de-barrio-con-el-ginkgo-como-protagonista\/\",\"name\":\"Fiesta de fin de curso y fiestas de barrio con el Ginkgo como protagonista - Iniciatives Solid\u00e0ries\",\"isPartOf\":{\"@id\":\"https:\/\/www.iniciatives.org\/#website\"},\"primaryImageOfPage\":{\"@id\":\"https:\/\/www.iniciatives.org\/es\/fiesta-de-fin-de-curso-y-fiestas-de-barrio-con-el-ginkgo-como-protagonista\/#primaryimage\"},\"image\":{\"@id\":\"https:\/\/www.iniciatives.org\/es\/fiesta-de-fin-de-curso-y-fiestas-de-barrio-con-el-ginkgo-como-protagonista\/#primaryimage\"},\"thumbnailUrl\":\"https:\/\/www.iniciatives.org\/wp-content\/uploads\/2025\/11\/Diseno-sin-titulo-5.png\",\"datePublished\":\"2025-06-26T10:04:00+00:00\",\"dateModified\":\"2025-11-26T11:11:32+00:00\",\"author\":{\"@id\":\"https:\/\/www.iniciatives.org\/#\/schema\/person\/6b6b53abb46095f47a6b492083695855\"},\"breadcrumb\":{\"@id\":\"https:\/\/www.iniciatives.org\/es\/fiesta-de-fin-de-curso-y-fiestas-de-barrio-con-el-ginkgo-como-protagonista\/#breadcrumb\"},\"inLanguage\":\"es\",\"potentialAction\":[{\"@type\":\"ReadAction\",\"target\":[\"https:\/\/www.iniciatives.org\/es\/fiesta-de-fin-de-curso-y-fiestas-de-barrio-con-el-ginkgo-como-protagonista\/\"]}]},{\"@type\":\"ImageObject\",\"inLanguage\":\"es\",\"@id\":\"https:\/\/www.iniciatives.org\/es\/fiesta-de-fin-de-curso-y-fiestas-de-barrio-con-el-ginkgo-como-protagonista\/#primaryimage\",\"url\":\"https:\/\/www.iniciatives.org\/wp-content\/uploads\/2025\/11\/Diseno-sin-titulo-5.png\",\"contentUrl\":\"https:\/\/www.iniciatives.org\/wp-content\/uploads\/2025\/11\/Diseno-sin-titulo-5.png\",\"width\":1200,\"height\":800},{\"@type\":\"BreadcrumbList\",\"@id\":\"https:\/\/www.iniciatives.org\/es\/fiesta-de-fin-de-curso-y-fiestas-de-barrio-con-el-ginkgo-como-protagonista\/#breadcrumb\",\"itemListElement\":[{\"@type\":\"ListItem\",\"position\":1,\"name\":\"Inici\",\"item\":\"https:\/\/www.iniciatives.org\/es\/\"},{\"@type\":\"ListItem\",\"position\":2,\"name\":\"Fiesta de fin de curso y fiestas de barrio con el Ginkgo como protagonista\"}]},{\"@type\":\"WebSite\",\"@id\":\"https:\/\/www.iniciatives.org\/#website\",\"url\":\"https:\/\/www.iniciatives.org\/\",\"name\":\"Iniciatives Solid\u00e0ries\",\"description\":\"Iniciatives Solid\u00e0ries \u00e9s una ONG d\u2019acci\u00f3 social, acolliment i inserci\u00f3 social\",\"potentialAction\":[{\"@type\":\"SearchAction\",\"target\":{\"@type\":\"EntryPoint\",\"urlTemplate\":\"https:\/\/www.iniciatives.org\/?s={search_term_string}\"},\"query-input\":{\"@type\":\"PropertyValueSpecification\",\"valueRequired\":true,\"valueName\":\"search_term_string\"}}],\"inLanguage\":\"es\"},{\"@type\":\"Person\",\"@id\":\"https:\/\/www.iniciatives.org\/#\/schema\/person\/6b6b53abb46095f47a6b492083695855\",\"name\":\"marta\",\"image\":{\"@type\":\"ImageObject\",\"inLanguage\":\"es\",\"@id\":\"https:\/\/www.iniciatives.org\/#\/schema\/person\/image\/\",\"url\":\"https:\/\/secure.gravatar.com\/avatar\/a0c1939c897a5dff40c633421ff039f2ae4b3bb420c6db4a2f86e965bb90d93f?s=96&d=mm&r=g\",\"contentUrl\":\"https:\/\/secure.gravatar.com\/avatar\/a0c1939c897a5dff40c633421ff039f2ae4b3bb420c6db4a2f86e965bb90d93f?s=96&d=mm&r=g\",\"caption\":\"marta\"},\"url\":\"https:\/\/www.iniciatives.org\/es\/author\/marta\/\"}]}<\/script>\n<!-- \/ Yoast SEO plugin. -->","yoast_head_json":{"title":"Fiesta de fin de curso y fiestas de barrio con el Ginkgo como protagonista - Iniciatives Solid\u00e0ries","robots":{"index":"index","follow":"follow","max-snippet":"max-snippet:-1","max-image-preview":"max-image-preview:large","max-video-preview":"max-video-preview:-1"},"canonical":"https:\/\/www.iniciatives.org\/es\/fiesta-de-fin-de-curso-y-fiestas-de-barrio-con-el-ginkgo-como-protagonista\/","og_locale":"es_ES","og_type":"article","og_title":"Fiesta de fin de curso y fiestas de barrio con el Ginkgo como protagonista - Iniciatives Solid\u00e0ries","og_description":"El pasado mi\u00e9rcoles 18 de junio se celebr\u00f3 la fiesta de fin de curso en el\u00a0Ginkgo, una tarde llena de alegr\u00eda, emoci\u00f3n y mucha participaci\u00f3n. Las familias sorprendieron con una merienda deliciosa, con platos t\u00edpicos de diferentes pa\u00edses donde la diversidad y la convivencia fueron las aut\u00e9nticas protagonistas! El&nbsp;photocall&nbsp;del&nbsp;Ginkgo&nbsp;regal\u00f3 risas y momentos divertidos, con carteles&hellip;&nbsp;Leer m\u00e1s &raquo;Fiesta de fin de curso y fiestas de barrio con el Ginkgo como protagonista","og_url":"https:\/\/www.iniciatives.org\/es\/fiesta-de-fin-de-curso-y-fiestas-de-barrio-con-el-ginkgo-como-protagonista\/","og_site_name":"Iniciatives Solid\u00e0ries","article_published_time":"2025-06-26T10:04:00+00:00","article_modified_time":"2025-11-26T11:11:32+00:00","og_image":[{"width":1200,"height":800,"url":"https:\/\/www.iniciatives.org\/wp-content\/uploads\/2025\/11\/Diseno-sin-titulo-5.png","type":"image\/png"}],"author":"marta","twitter_card":"summary_large_image","twitter_misc":{"Escrito por":"marta","Tiempo de lectura":"3 minutos"},"schema":{"@context":"https:\/\/schema.org","@graph":[{"@type":"WebPage","@id":"https:\/\/www.iniciatives.org\/es\/fiesta-de-fin-de-curso-y-fiestas-de-barrio-con-el-ginkgo-como-protagonista\/","url":"https:\/\/www.iniciatives.org\/es\/fiesta-de-fin-de-curso-y-fiestas-de-barrio-con-el-ginkgo-como-protagonista\/","name":"Fiesta de fin de curso y fiestas de barrio con el Ginkgo como protagonista - Iniciatives Solid\u00e0ries","isPartOf":{"@id":"https:\/\/www.iniciatives.org\/#website"},"primaryImageOfPage":{"@id":"https:\/\/www.iniciatives.org\/es\/fiesta-de-fin-de-curso-y-fiestas-de-barrio-con-el-ginkgo-como-protagonista\/#primaryimage"},"image":{"@id":"https:\/\/www.iniciatives.org\/es\/fiesta-de-fin-de-curso-y-fiestas-de-barrio-con-el-ginkgo-como-protagonista\/#primaryimage"},"thumbnailUrl":"https:\/\/www.iniciatives.org\/wp-content\/uploads\/2025\/11\/Diseno-sin-titulo-5.png","datePublished":"2025-06-26T10:04:00+00:00","dateModified":"2025-11-26T11:11:32+00:00","author":{"@id":"https:\/\/www.iniciatives.org\/#\/schema\/person\/6b6b53abb46095f47a6b492083695855"},"breadcrumb":{"@id":"https:\/\/www.iniciatives.org\/es\/fiesta-de-fin-de-curso-y-fiestas-de-barrio-con-el-ginkgo-como-protagonista\/#breadcrumb"},"inLanguage":"es","potentialAction":[{"@type":"ReadAction","target":["https:\/\/www.iniciatives.org\/es\/fiesta-de-fin-de-curso-y-fiestas-de-barrio-con-el-ginkgo-como-protagonista\/"]}]},{"@type":"ImageObject","inLanguage":"es","@id":"https:\/\/www.iniciatives.org\/es\/fiesta-de-fin-de-curso-y-fiestas-de-barrio-con-el-ginkgo-como-protagonista\/#primaryimage","url":"https:\/\/www.iniciatives.org\/wp-content\/uploads\/2025\/11\/Diseno-sin-titulo-5.png","contentUrl":"https:\/\/www.iniciatives.org\/wp-content\/uploads\/2025\/11\/Diseno-sin-titulo-5.png","width":1200,"height":800},{"@type":"BreadcrumbList","@id":"https:\/\/www.iniciatives.org\/es\/fiesta-de-fin-de-curso-y-fiestas-de-barrio-con-el-ginkgo-como-protagonista\/#breadcrumb","itemListElement":[{"@type":"ListItem","position":1,"name":"Inici","item":"https:\/\/www.iniciatives.org\/es\/"},{"@type":"ListItem","position":2,"name":"Fiesta de fin de curso y fiestas de barrio con el Ginkgo como protagonista"}]},{"@type":"WebSite","@id":"https:\/\/www.iniciatives.org\/#website","url":"https:\/\/www.iniciatives.org\/","name":"Iniciatives Solid\u00e0ries","description":"Iniciatives Solid\u00e0ries \u00e9s una ONG d\u2019acci\u00f3 social, acolliment i inserci\u00f3 social","potentialAction":[{"@type":"SearchAction","target":{"@type":"EntryPoint","urlTemplate":"https:\/\/www.iniciatives.org\/?s={search_term_string}"},"query-input":{"@type":"PropertyValueSpecification","valueRequired":true,"valueName":"search_term_string"}}],"inLanguage":"es"},{"@type":"Person","@id":"https:\/\/www.iniciatives.org\/#\/schema\/person\/6b6b53abb46095f47a6b492083695855","name":"marta","image":{"@type":"ImageObject","inLanguage":"es","@id":"https:\/\/www.iniciatives.org\/#\/schema\/person\/image\/","url":"https:\/\/secure.gravatar.com\/avatar\/a0c1939c897a5dff40c633421ff039f2ae4b3bb420c6db4a2f86e965bb90d93f?s=96&d=mm&r=g","contentUrl":"https:\/\/secure.gravatar.com\/avatar\/a0c1939c897a5dff40c633421ff039f2ae4b3bb420c6db4a2f86e965bb90d93f?s=96&d=mm&r=g","caption":"marta"},"url":"https:\/\/www.iniciatives.org\/es\/author\/marta\/"}]}},"_links":{"self":[{"href":"https:\/\/www.iniciatives.org\/es\/wp-json\/wp\/v2\/posts\/5926","targetHints":{"allow":["GET"]}}],"collection":[{"href":"https:\/\/www.iniciatives.org\/es\/wp-json\/wp\/v2\/posts"}],"about":[{"href":"https:\/\/www.iniciatives.org\/es\/wp-json\/wp\/v2\/types\/post"}],"author":[{"embeddable":true,"href":"https:\/\/www.iniciatives.org\/es\/wp-json\/wp\/v2\/users\/3"}],"replies":[{"embeddable":true,"href":"https:\/\/www.iniciatives.org\/es\/wp-json\/wp\/v2\/comments?post=5926"}],"version-history":[{"count":3,"href":"https:\/\/www.iniciatives.org\/es\/wp-json\/wp\/v2\/posts\/5926\/revisions"}],"predecessor-version":[{"id":5930,"href":"https:\/\/www.iniciatives.org\/es\/wp-json\/wp\/v2\/posts\/5926\/revisions\/5930"}],"wp:featuredmedia":[{"embeddable":true,"href":"https:\/\/www.iniciatives.org\/es\/wp-json\/wp\/v2\/media\/5919"}],"wp:attachment":[{"href":"https:\/\/www.iniciatives.org\/es\/wp-json\/wp\/v2\/media?parent=5926"}],"wp:term":[{"taxonomy":"category","embeddable":true,"href":"https:\/\/www.iniciatives.org\/es\/wp-json\/wp\/v2\/categories?post=5926"},{"taxonomy":"post_tag","embeddable":true,"href":"https:\/\/www.iniciatives.org\/es\/wp-json\/wp\/v2\/tags?post=5926"}],"curies":[{"name":"wp","href":"https:\/\/api.w.org\/{rel}","templated":true}]}}