

{"id":5950,"date":"2025-07-10T14:13:00","date_gmt":"2025-07-10T12:13:00","guid":{"rendered":"https:\/\/www.iniciatives.org\/?p=5950"},"modified":"2025-11-26T14:27:29","modified_gmt":"2025-11-26T13:27:29","slug":"del-color-al-chocolate-una-jornada-llena-de-ideas-y-sabores-en-el-pineto","status":"publish","type":"post","link":"https:\/\/www.iniciatives.org\/es\/del-color-al-chocolate-una-jornada-llena-de-ideas-y-sabores-en-el-pineto\/","title":{"rendered":"Del color al chocolate: Una jornada llena de ideas y sabores en El Pinet\u00f3"},"content":{"rendered":"\n<p>En el mes de julio l&#8217;SPAAI\u00a0el Pinet\u00f3, llevaron a cabo una actividad muy especial con los chicos. El objetivo principal era combinar creatividad y funcionalidad mediante la personalizaci\u00f3n de mochilas de tela. Esta propuesta no solo ten\u00eda un componente l\u00fadico, sino tambi\u00e9n pr\u00e1ctico, puesto que las mochilas decoradas se podr\u00e1n utilizar en las salidas fuera del centro y en el d\u00eda a d\u00eda para llevar sus pertenencias.<\/p>\n\n\n\n<p>Durante la sesi\u00f3n, cada participante tuvo la oportunidad de expresarse libremente a trav\u00e9s del dibujo y la pintura. Los chicos plasmaron en las mochilas elementos que reflejaban sus gustos, intereses y preferencias personales: desde formas geom\u00e9tricas y patrones coloridos hasta ilustraciones inspiradas en\u00a0hobbies, m\u00fasica, deportes o personajes que los gustan. Esta libertad creativa dio lugar a piezas \u00fanicas y con un gran valor simb\u00f3lico, puesto que cada mochila se convirti\u00f3 en una representaci\u00f3n de la identidad de quien la decor\u00f3.<\/p>\n\n\n\n<p>La actividad foment\u00f3 no solo la creatividad, sino tambi\u00e9n la concentraci\u00f3n, la paciencia y la capacidad de planificaci\u00f3n, puesto que los chicos tuvieron que pensar previamente en el dise\u00f1o y en la combinaci\u00f3n de colores. Adem\u00e1s, se cre\u00f3 un ambiente muy positivo y colaborativo, donde se compartieron ideas y se dieron consejos entre compa\u00f1eros. El resultado final fue todo un \u00e9xito: mochilas visualmente muy atractivas, llenas de color y originalidad, que reflejan la diversidad y la personalidad de cada uno de los participantes.<\/p>\n\n\n\n<p>En definitiva, esta experiencia fue muy enriquecedora, puesto que permiti\u00f3 a los chicos desarrollar habilidades art\u00edsticas, reforzar su autoestima y, al mismo tiempo, disponer de un objeto \u00fatil y personalizado que podr\u00e1n utilizar con orgullo en las actividades futuras.<\/p>\n\n\n\n<div class=\"wp-block-columns is-layout-flex wp-container-core-columns-is-layout-9d6595d7 wp-block-columns-is-layout-flex\">\n<div class=\"wp-block-column is-layout-flow wp-block-column-is-layout-flow\">\n<figure class=\"wp-block-image size-large\"><img loading=\"lazy\" decoding=\"async\" width=\"900\" height=\"1200\" src=\"https:\/\/www.iniciatives.org\/wp-content\/uploads\/2025\/11\/pineto2-900x1200.jpg\" alt=\"\" class=\"wp-image-5941\" srcset=\"https:\/\/www.iniciatives.org\/wp-content\/uploads\/2025\/11\/pineto2-900x1200.jpg 900w, https:\/\/www.iniciatives.org\/wp-content\/uploads\/2025\/11\/pineto2-600x800.jpg 600w, https:\/\/www.iniciatives.org\/wp-content\/uploads\/2025\/11\/pineto2-768x1024.jpg 768w, https:\/\/www.iniciatives.org\/wp-content\/uploads\/2025\/11\/pineto2-1152x1536.jpg 1152w, https:\/\/www.iniciatives.org\/wp-content\/uploads\/2025\/11\/pineto2-1536x2048.jpg 1536w, https:\/\/www.iniciatives.org\/wp-content\/uploads\/2025\/11\/pineto2-scaled.jpg 1920w\" sizes=\"auto, (max-width: 900px) 100vw, 900px\" \/><\/figure>\n<\/div>\n\n\n\n<div class=\"wp-block-column is-layout-flow wp-block-column-is-layout-flow\">\n<figure class=\"wp-block-image size-large\"><img loading=\"lazy\" decoding=\"async\" width=\"900\" height=\"1200\" src=\"https:\/\/www.iniciatives.org\/wp-content\/uploads\/2025\/11\/pineto-900x1200.jpg\" alt=\"\" class=\"wp-image-5943\" srcset=\"https:\/\/www.iniciatives.org\/wp-content\/uploads\/2025\/11\/pineto-900x1200.jpg 900w, https:\/\/www.iniciatives.org\/wp-content\/uploads\/2025\/11\/pineto-600x800.jpg 600w, https:\/\/www.iniciatives.org\/wp-content\/uploads\/2025\/11\/pineto-768x1024.jpg 768w, https:\/\/www.iniciatives.org\/wp-content\/uploads\/2025\/11\/pineto-1152x1536.jpg 1152w, https:\/\/www.iniciatives.org\/wp-content\/uploads\/2025\/11\/pineto-1536x2048.jpg 1536w, https:\/\/www.iniciatives.org\/wp-content\/uploads\/2025\/11\/pineto-scaled.jpg 1920w\" sizes=\"auto, (max-width: 900px) 100vw, 900px\" \/><\/figure>\n<\/div>\n<\/div>\n\n\n\n<p>Otro d\u00eda de julio, decidieron dar un toque especial a la tarde con una actividad diferente y muy dulce: un taller de reposter\u00eda. La propuesta consisti\u00f3 en preparar cruasanes caseros utilizando hojaldre, una base sencilla, pero muy vers\u00e1til que permite obtener resultados espectaculares con un poco de creatividad.<\/p>\n\n\n\n<p>Los j\u00f3venes siguieron paso a paso el proceso de elaboraci\u00f3n, desde la preparaci\u00f3n de la masa hasta el relleno con chocolate, que fue el ingrediente estrella de la jornada. Cada participante pudo manipular la masa, darle forma y a\u00f1adir el toque dulce que m\u00e1s les gusta. Esta parte fue especialmente divertida, puesto que cada cual puso su estilo personal en la manera de plegar los cruasanes, creando piezas \u00fanicas y muy apetitosas.<\/p>\n\n\n\n<p>Una vez acabada la preparaci\u00f3n, lleg\u00f3 el momento m\u00e1s esperado: la cocci\u00f3n y, finalmente, la degustaci\u00f3n. El olor que se esparci\u00f3 por todo el centro despert\u00f3 todav\u00eda m\u00e1s las ganas de probar los resultados. Cuando los cruasanes salieron del horno, dorados y crujientes, la satisfacci\u00f3n era evidente a las caras de todos. La merienda de aquel d\u00eda fue, sin duda, muy especial y diferente, y dej\u00f3 un recuerdo dulce y agradable para todos los participantes.<\/p>\n\n\n<div class=\"wp-block-image\">\n<figure class=\"aligncenter size-large is-resized\"><img loading=\"lazy\" decoding=\"async\" width=\"1200\" height=\"675\" src=\"https:\/\/www.iniciatives.org\/wp-content\/uploads\/2025\/11\/PIN5-1200x675.jpg\" alt=\"\" class=\"wp-image-5945\" style=\"width:599px;height:auto\" srcset=\"https:\/\/www.iniciatives.org\/wp-content\/uploads\/2025\/11\/PIN5-1200x675.jpg 1200w, https:\/\/www.iniciatives.org\/wp-content\/uploads\/2025\/11\/PIN5-800x450.jpg 800w, https:\/\/www.iniciatives.org\/wp-content\/uploads\/2025\/11\/PIN5-768x432.jpg 768w, https:\/\/www.iniciatives.org\/wp-content\/uploads\/2025\/11\/PIN5-1536x864.jpg 1536w, https:\/\/www.iniciatives.org\/wp-content\/uploads\/2025\/11\/PIN5.jpg 1920w\" sizes=\"auto, (max-width: 1200px) 100vw, 1200px\" \/><\/figure><\/div>","protected":false},"excerpt":{"rendered":"<p>En el mes de julio l&#8217;SPAAI\u00a0el Pinet\u00f3, llevaron a cabo una actividad muy especial con los chicos. El objetivo principal era combinar creatividad y funcionalidad mediante la personalizaci\u00f3n de mochilas de tela. Esta propuesta no solo ten\u00eda un componente l\u00fadico, sino tambi\u00e9n pr\u00e1ctico, puesto que las mochilas decoradas se podr\u00e1n utilizar en las salidas fuera&hellip;&nbsp;<a href=\"https:\/\/www.iniciatives.org\/es\/del-color-al-chocolate-una-jornada-llena-de-ideas-y-sabores-en-el-pineto\/\" rel=\"bookmark\">Leer m\u00e1s &raquo;<span class=\"screen-reader-text\">Del color al chocolate: Una jornada llena de ideas y sabores en El Pinet\u00f3<\/span><\/a><\/p>\n","protected":false},"author":3,"featured_media":5949,"comment_status":"closed","ping_status":"open","sticky":false,"template":"","format":"standard","meta":{"_eb_attr":"","neve_meta_sidebar":"","neve_meta_container":"","neve_meta_enable_content_width":"","neve_meta_content_width":0,"neve_meta_title_alignment":"","neve_meta_author_avatar":"","neve_post_elements_order":"","neve_meta_disable_header":"","neve_meta_disable_footer":"","neve_meta_disable_title":"","footnotes":""},"categories":[15],"tags":[],"class_list":["post-5950","post","type-post","status-publish","format-standard","has-post-thumbnail","hentry","category-sin-categorizar"],"yoast_head":"<!-- This site is optimized with the Yoast SEO plugin v25.4 - https:\/\/yoast.com\/wordpress\/plugins\/seo\/ -->\n<title>Del color al chocolate: Una jornada llena de ideas y sabores en El Pinet\u00f3 - Iniciatives Solid\u00e0ries<\/title>\n<meta name=\"robots\" content=\"index, follow, max-snippet:-1, max-image-preview:large, max-video-preview:-1\" \/>\n<link rel=\"canonical\" href=\"https:\/\/www.iniciatives.org\/es\/del-color-al-chocolate-una-jornada-llena-de-ideas-y-sabores-en-el-pineto\/\" \/>\n<meta property=\"og:locale\" content=\"es_ES\" \/>\n<meta property=\"og:type\" content=\"article\" \/>\n<meta property=\"og:title\" content=\"Del color al chocolate: Una jornada llena de ideas y sabores en El Pinet\u00f3 - Iniciatives Solid\u00e0ries\" \/>\n<meta property=\"og:description\" content=\"En el mes de julio l&#8217;SPAAI\u00a0el Pinet\u00f3, llevaron a cabo una actividad muy especial con los chicos. El objetivo principal era combinar creatividad y funcionalidad mediante la personalizaci\u00f3n de mochilas de tela. Esta propuesta no solo ten\u00eda un componente l\u00fadico, sino tambi\u00e9n pr\u00e1ctico, puesto que las mochilas decoradas se podr\u00e1n utilizar en las salidas fuera&hellip;&nbsp;Leer m\u00e1s &raquo;Del color al chocolate: Una jornada llena de ideas y sabores en El Pinet\u00f3\" \/>\n<meta property=\"og:url\" content=\"https:\/\/www.iniciatives.org\/es\/del-color-al-chocolate-una-jornada-llena-de-ideas-y-sabores-en-el-pineto\/\" \/>\n<meta property=\"og:site_name\" content=\"Iniciatives Solid\u00e0ries\" \/>\n<meta property=\"article:published_time\" content=\"2025-07-10T12:13:00+00:00\" \/>\n<meta property=\"article:modified_time\" content=\"2025-11-26T13:27:29+00:00\" \/>\n<meta property=\"og:image\" content=\"https:\/\/www.iniciatives.org\/wp-content\/uploads\/2025\/11\/destacada-pineto.png\" \/>\n\t<meta property=\"og:image:width\" content=\"1200\" \/>\n\t<meta property=\"og:image:height\" content=\"800\" \/>\n\t<meta property=\"og:image:type\" content=\"image\/png\" \/>\n<meta name=\"author\" content=\"marta\" \/>\n<meta name=\"twitter:card\" content=\"summary_large_image\" \/>\n<meta name=\"twitter:label1\" content=\"Escrito por\" \/>\n\t<meta name=\"twitter:data1\" content=\"marta\" \/>\n\t<meta name=\"twitter:label2\" content=\"Tiempo de lectura\" \/>\n\t<meta name=\"twitter:data2\" content=\"4 minutos\" \/>\n<script type=\"application\/ld+json\" class=\"yoast-schema-graph\">{\"@context\":\"https:\/\/schema.org\",\"@graph\":[{\"@type\":\"WebPage\",\"@id\":\"https:\/\/www.iniciatives.org\/es\/del-color-al-chocolate-una-jornada-llena-de-ideas-y-sabores-en-el-pineto\/\",\"url\":\"https:\/\/www.iniciatives.org\/es\/del-color-al-chocolate-una-jornada-llena-de-ideas-y-sabores-en-el-pineto\/\",\"name\":\"Del color al chocolate: Una jornada llena de ideas y sabores en El Pinet\u00f3 - Iniciatives Solid\u00e0ries\",\"isPartOf\":{\"@id\":\"https:\/\/www.iniciatives.org\/#website\"},\"primaryImageOfPage\":{\"@id\":\"https:\/\/www.iniciatives.org\/es\/del-color-al-chocolate-una-jornada-llena-de-ideas-y-sabores-en-el-pineto\/#primaryimage\"},\"image\":{\"@id\":\"https:\/\/www.iniciatives.org\/es\/del-color-al-chocolate-una-jornada-llena-de-ideas-y-sabores-en-el-pineto\/#primaryimage\"},\"thumbnailUrl\":\"https:\/\/www.iniciatives.org\/wp-content\/uploads\/2025\/11\/destacada-pineto.png\",\"datePublished\":\"2025-07-10T12:13:00+00:00\",\"dateModified\":\"2025-11-26T13:27:29+00:00\",\"author\":{\"@id\":\"https:\/\/www.iniciatives.org\/#\/schema\/person\/6b6b53abb46095f47a6b492083695855\"},\"breadcrumb\":{\"@id\":\"https:\/\/www.iniciatives.org\/es\/del-color-al-chocolate-una-jornada-llena-de-ideas-y-sabores-en-el-pineto\/#breadcrumb\"},\"inLanguage\":\"es\",\"potentialAction\":[{\"@type\":\"ReadAction\",\"target\":[\"https:\/\/www.iniciatives.org\/es\/del-color-al-chocolate-una-jornada-llena-de-ideas-y-sabores-en-el-pineto\/\"]}]},{\"@type\":\"ImageObject\",\"inLanguage\":\"es\",\"@id\":\"https:\/\/www.iniciatives.org\/es\/del-color-al-chocolate-una-jornada-llena-de-ideas-y-sabores-en-el-pineto\/#primaryimage\",\"url\":\"https:\/\/www.iniciatives.org\/wp-content\/uploads\/2025\/11\/destacada-pineto.png\",\"contentUrl\":\"https:\/\/www.iniciatives.org\/wp-content\/uploads\/2025\/11\/destacada-pineto.png\",\"width\":1200,\"height\":800},{\"@type\":\"BreadcrumbList\",\"@id\":\"https:\/\/www.iniciatives.org\/es\/del-color-al-chocolate-una-jornada-llena-de-ideas-y-sabores-en-el-pineto\/#breadcrumb\",\"itemListElement\":[{\"@type\":\"ListItem\",\"position\":1,\"name\":\"Inici\",\"item\":\"https:\/\/www.iniciatives.org\/es\/\"},{\"@type\":\"ListItem\",\"position\":2,\"name\":\"Del color al chocolate: Una jornada llena de ideas y sabores en El Pinet\u00f3\"}]},{\"@type\":\"WebSite\",\"@id\":\"https:\/\/www.iniciatives.org\/#website\",\"url\":\"https:\/\/www.iniciatives.org\/\",\"name\":\"Iniciatives Solid\u00e0ries\",\"description\":\"Iniciatives Solid\u00e0ries \u00e9s una ONG d\u2019acci\u00f3 social, acolliment i inserci\u00f3 social\",\"potentialAction\":[{\"@type\":\"SearchAction\",\"target\":{\"@type\":\"EntryPoint\",\"urlTemplate\":\"https:\/\/www.iniciatives.org\/?s={search_term_string}\"},\"query-input\":{\"@type\":\"PropertyValueSpecification\",\"valueRequired\":true,\"valueName\":\"search_term_string\"}}],\"inLanguage\":\"es\"},{\"@type\":\"Person\",\"@id\":\"https:\/\/www.iniciatives.org\/#\/schema\/person\/6b6b53abb46095f47a6b492083695855\",\"name\":\"marta\",\"image\":{\"@type\":\"ImageObject\",\"inLanguage\":\"es\",\"@id\":\"https:\/\/www.iniciatives.org\/#\/schema\/person\/image\/\",\"url\":\"https:\/\/secure.gravatar.com\/avatar\/a0c1939c897a5dff40c633421ff039f2ae4b3bb420c6db4a2f86e965bb90d93f?s=96&d=mm&r=g\",\"contentUrl\":\"https:\/\/secure.gravatar.com\/avatar\/a0c1939c897a5dff40c633421ff039f2ae4b3bb420c6db4a2f86e965bb90d93f?s=96&d=mm&r=g\",\"caption\":\"marta\"},\"url\":\"https:\/\/www.iniciatives.org\/es\/author\/marta\/\"}]}<\/script>\n<!-- \/ Yoast SEO plugin. -->","yoast_head_json":{"title":"Del color al chocolate: Una jornada llena de ideas y sabores en El Pinet\u00f3 - Iniciatives Solid\u00e0ries","robots":{"index":"index","follow":"follow","max-snippet":"max-snippet:-1","max-image-preview":"max-image-preview:large","max-video-preview":"max-video-preview:-1"},"canonical":"https:\/\/www.iniciatives.org\/es\/del-color-al-chocolate-una-jornada-llena-de-ideas-y-sabores-en-el-pineto\/","og_locale":"es_ES","og_type":"article","og_title":"Del color al chocolate: Una jornada llena de ideas y sabores en El Pinet\u00f3 - Iniciatives Solid\u00e0ries","og_description":"En el mes de julio l&#8217;SPAAI\u00a0el Pinet\u00f3, llevaron a cabo una actividad muy especial con los chicos. El objetivo principal era combinar creatividad y funcionalidad mediante la personalizaci\u00f3n de mochilas de tela. Esta propuesta no solo ten\u00eda un componente l\u00fadico, sino tambi\u00e9n pr\u00e1ctico, puesto que las mochilas decoradas se podr\u00e1n utilizar en las salidas fuera&hellip;&nbsp;Leer m\u00e1s &raquo;Del color al chocolate: Una jornada llena de ideas y sabores en El Pinet\u00f3","og_url":"https:\/\/www.iniciatives.org\/es\/del-color-al-chocolate-una-jornada-llena-de-ideas-y-sabores-en-el-pineto\/","og_site_name":"Iniciatives Solid\u00e0ries","article_published_time":"2025-07-10T12:13:00+00:00","article_modified_time":"2025-11-26T13:27:29+00:00","og_image":[{"width":1200,"height":800,"url":"https:\/\/www.iniciatives.org\/wp-content\/uploads\/2025\/11\/destacada-pineto.png","type":"image\/png"}],"author":"marta","twitter_card":"summary_large_image","twitter_misc":{"Escrito por":"marta","Tiempo de lectura":"4 minutos"},"schema":{"@context":"https:\/\/schema.org","@graph":[{"@type":"WebPage","@id":"https:\/\/www.iniciatives.org\/es\/del-color-al-chocolate-una-jornada-llena-de-ideas-y-sabores-en-el-pineto\/","url":"https:\/\/www.iniciatives.org\/es\/del-color-al-chocolate-una-jornada-llena-de-ideas-y-sabores-en-el-pineto\/","name":"Del color al chocolate: Una jornada llena de ideas y sabores en El Pinet\u00f3 - Iniciatives Solid\u00e0ries","isPartOf":{"@id":"https:\/\/www.iniciatives.org\/#website"},"primaryImageOfPage":{"@id":"https:\/\/www.iniciatives.org\/es\/del-color-al-chocolate-una-jornada-llena-de-ideas-y-sabores-en-el-pineto\/#primaryimage"},"image":{"@id":"https:\/\/www.iniciatives.org\/es\/del-color-al-chocolate-una-jornada-llena-de-ideas-y-sabores-en-el-pineto\/#primaryimage"},"thumbnailUrl":"https:\/\/www.iniciatives.org\/wp-content\/uploads\/2025\/11\/destacada-pineto.png","datePublished":"2025-07-10T12:13:00+00:00","dateModified":"2025-11-26T13:27:29+00:00","author":{"@id":"https:\/\/www.iniciatives.org\/#\/schema\/person\/6b6b53abb46095f47a6b492083695855"},"breadcrumb":{"@id":"https:\/\/www.iniciatives.org\/es\/del-color-al-chocolate-una-jornada-llena-de-ideas-y-sabores-en-el-pineto\/#breadcrumb"},"inLanguage":"es","potentialAction":[{"@type":"ReadAction","target":["https:\/\/www.iniciatives.org\/es\/del-color-al-chocolate-una-jornada-llena-de-ideas-y-sabores-en-el-pineto\/"]}]},{"@type":"ImageObject","inLanguage":"es","@id":"https:\/\/www.iniciatives.org\/es\/del-color-al-chocolate-una-jornada-llena-de-ideas-y-sabores-en-el-pineto\/#primaryimage","url":"https:\/\/www.iniciatives.org\/wp-content\/uploads\/2025\/11\/destacada-pineto.png","contentUrl":"https:\/\/www.iniciatives.org\/wp-content\/uploads\/2025\/11\/destacada-pineto.png","width":1200,"height":800},{"@type":"BreadcrumbList","@id":"https:\/\/www.iniciatives.org\/es\/del-color-al-chocolate-una-jornada-llena-de-ideas-y-sabores-en-el-pineto\/#breadcrumb","itemListElement":[{"@type":"ListItem","position":1,"name":"Inici","item":"https:\/\/www.iniciatives.org\/es\/"},{"@type":"ListItem","position":2,"name":"Del color al chocolate: Una jornada llena de ideas y sabores en El Pinet\u00f3"}]},{"@type":"WebSite","@id":"https:\/\/www.iniciatives.org\/#website","url":"https:\/\/www.iniciatives.org\/","name":"Iniciatives Solid\u00e0ries","description":"Iniciatives Solid\u00e0ries \u00e9s una ONG d\u2019acci\u00f3 social, acolliment i inserci\u00f3 social","potentialAction":[{"@type":"SearchAction","target":{"@type":"EntryPoint","urlTemplate":"https:\/\/www.iniciatives.org\/?s={search_term_string}"},"query-input":{"@type":"PropertyValueSpecification","valueRequired":true,"valueName":"search_term_string"}}],"inLanguage":"es"},{"@type":"Person","@id":"https:\/\/www.iniciatives.org\/#\/schema\/person\/6b6b53abb46095f47a6b492083695855","name":"marta","image":{"@type":"ImageObject","inLanguage":"es","@id":"https:\/\/www.iniciatives.org\/#\/schema\/person\/image\/","url":"https:\/\/secure.gravatar.com\/avatar\/a0c1939c897a5dff40c633421ff039f2ae4b3bb420c6db4a2f86e965bb90d93f?s=96&d=mm&r=g","contentUrl":"https:\/\/secure.gravatar.com\/avatar\/a0c1939c897a5dff40c633421ff039f2ae4b3bb420c6db4a2f86e965bb90d93f?s=96&d=mm&r=g","caption":"marta"},"url":"https:\/\/www.iniciatives.org\/es\/author\/marta\/"}]}},"_links":{"self":[{"href":"https:\/\/www.iniciatives.org\/es\/wp-json\/wp\/v2\/posts\/5950","targetHints":{"allow":["GET"]}}],"collection":[{"href":"https:\/\/www.iniciatives.org\/es\/wp-json\/wp\/v2\/posts"}],"about":[{"href":"https:\/\/www.iniciatives.org\/es\/wp-json\/wp\/v2\/types\/post"}],"author":[{"embeddable":true,"href":"https:\/\/www.iniciatives.org\/es\/wp-json\/wp\/v2\/users\/3"}],"replies":[{"embeddable":true,"href":"https:\/\/www.iniciatives.org\/es\/wp-json\/wp\/v2\/comments?post=5950"}],"version-history":[{"count":3,"href":"https:\/\/www.iniciatives.org\/es\/wp-json\/wp\/v2\/posts\/5950\/revisions"}],"predecessor-version":[{"id":5953,"href":"https:\/\/www.iniciatives.org\/es\/wp-json\/wp\/v2\/posts\/5950\/revisions\/5953"}],"wp:featuredmedia":[{"embeddable":true,"href":"https:\/\/www.iniciatives.org\/es\/wp-json\/wp\/v2\/media\/5949"}],"wp:attachment":[{"href":"https:\/\/www.iniciatives.org\/es\/wp-json\/wp\/v2\/media?parent=5950"}],"wp:term":[{"taxonomy":"category","embeddable":true,"href":"https:\/\/www.iniciatives.org\/es\/wp-json\/wp\/v2\/categories?post=5950"},{"taxonomy":"post_tag","embeddable":true,"href":"https:\/\/www.iniciatives.org\/es\/wp-json\/wp\/v2\/tags?post=5950"}],"curies":[{"name":"wp","href":"https:\/\/api.w.org\/{rel}","templated":true}]}}