

{"id":6125,"date":"2026-03-09T16:08:00","date_gmt":"2026-03-09T15:08:00","guid":{"rendered":"https:\/\/www.iniciatives.org\/?p=6125"},"modified":"2026-04-27T16:10:56","modified_gmt":"2026-04-27T14:10:56","slug":"el-8m-en-iniciatives-solidaries-compromiso-participacion-e-igualdad","status":"publish","type":"post","link":"https:\/\/www.iniciatives.org\/es\/el-8m-en-iniciatives-solidaries-compromiso-participacion-e-igualdad\/","title":{"rendered":"El 8M en Iniciatives Solid\u00e0ries: compromiso, participaci\u00f3n e igualdad"},"content":{"rendered":"\n<p>El 8 de marzo, Iniciatives Solid\u00e0ries ha celebrado el D\u00eda Internacional de la Mujer con programaciones especiales en todos los servicios y proyectos de la entidad, convirtiendo esta fecha en una oportunidad para reflexionar, visibilizar y reivindicar el papel de las mujeres en nuestra sociedad. A lo largo de la jornada se han llevado a cabo diversas actividades adaptadas a cada territorio y grupo, con el objetivo com\u00fan de poner en valor las aportaciones de las mujeres y denunciar las desigualdades que todav\u00eda persisten.<\/p>\n\n\n\n<p>Entre otras acciones, se han organizado actos para reconocer a las mujeres trabajadoras, como un miniconcierto y una ofrenda floral en Sant Boi de Llobregat, un espacio emotivo y simb\u00f3lico para recordar la fuerza, la dedicaci\u00f3n y la lucha de tantas mujeres que han abierto camino.<\/p>\n\n\n\n<p>En Barcelona, se ha celebrado un debate abierto con personas usuarias, profesionales, estudiantes en pr\u00e1cticas y personas voluntarias. La actividad ha permitido compartir experiencias, identificar injusticias cotidianas y reflexionar sobre las desigualdades que a\u00fan afectan a las mujeres en m\u00faltiples \u00e1mbitos. Todas las personas participantes han podido aportar su visi\u00f3n, generando un espacio de di\u00e1logo rico y transformador. El lema escogido para este encuentro ha sido: <strong>\u201cMujeres que se transforman desde el compromiso\u201d<\/strong>, una frase que resume el esp\u00edritu de la jornada y la voluntad de seguir avanzando hacia una sociedad m\u00e1s justa.<\/p>\n\n\n\n<p>En Sabadell, se han llevado a cabo din\u00e1micas grupales y ejercicios de rol centrados en el papel de la mujer a lo largo de la historia y en la sociedad actual. A trav\u00e9s de ejemplos de personajes hist\u00f3ricos y situaciones reales, las participantes han podido analizar las contribuciones de las mujeres, as\u00ed como los obst\u00e1culos y discriminaciones que han tenido que afrontar en sus trayectorias personales y profesionales.<\/p>\n\n\n\n<p>Con todas estas actividades, Iniciatives Solid\u00e0ries reafirma su compromiso con la igualdad de g\u00e9nero y reivindica el papel fundamental de las mujeres en la construcci\u00f3n de un pa\u00eds m\u00e1s social, m\u00e1s justo e igualitario. El 8 de marzo es una fecha para celebrar, pero tambi\u00e9n para seguir trabajando para que la igualdad sea una realidad en todos los \u00e1mbitos de la vida.<\/p>\n\n\n<div class=\"wp-block-image\">\n<figure class=\"aligncenter size-large is-resized\"><img loading=\"lazy\" decoding=\"async\" width=\"960\" height=\"1200\" src=\"https:\/\/www.iniciatives.org\/wp-content\/uploads\/2026\/04\/Celebramos-a-las-mujeres-que-hacen-posible-Iniciativas-Solidarias1-960x1200.png\" alt=\"\" class=\"wp-image-6123\" style=\"width:494px;height:auto\" srcset=\"https:\/\/www.iniciatives.org\/wp-content\/uploads\/2026\/04\/Celebramos-a-las-mujeres-que-hacen-posible-Iniciativas-Solidarias1-960x1200.png 960w, https:\/\/www.iniciatives.org\/wp-content\/uploads\/2026\/04\/Celebramos-a-las-mujeres-que-hacen-posible-Iniciativas-Solidarias1-640x800.png 640w, https:\/\/www.iniciatives.org\/wp-content\/uploads\/2026\/04\/Celebramos-a-las-mujeres-que-hacen-posible-Iniciativas-Solidarias1-768x960.png 768w, https:\/\/www.iniciatives.org\/wp-content\/uploads\/2026\/04\/Celebramos-a-las-mujeres-que-hacen-posible-Iniciativas-Solidarias1.png 1080w\" sizes=\"auto, (max-width: 960px) 100vw, 960px\" \/><\/figure><\/div>","protected":false},"excerpt":{"rendered":"<p>El 8 de marzo, Iniciatives Solid\u00e0ries ha celebrado el D\u00eda Internacional de la Mujer con programaciones especiales en todos los servicios y proyectos de la entidad, convirtiendo esta fecha en una oportunidad para reflexionar, visibilizar y reivindicar el papel de las mujeres en nuestra sociedad. A lo largo de la jornada se han llevado a&hellip;&nbsp;<a href=\"https:\/\/www.iniciatives.org\/es\/el-8m-en-iniciatives-solidaries-compromiso-participacion-e-igualdad\/\" rel=\"bookmark\">Leer m\u00e1s &raquo;<span class=\"screen-reader-text\">El 8M en Iniciatives Solid\u00e0ries: compromiso, participaci\u00f3n e igualdad<\/span><\/a><\/p>\n","protected":false},"author":3,"featured_media":6116,"comment_status":"closed","ping_status":"open","sticky":false,"template":"","format":"standard","meta":{"_eb_attr":"","neve_meta_sidebar":"","neve_meta_container":"","neve_meta_enable_content_width":"","neve_meta_content_width":0,"neve_meta_title_alignment":"","neve_meta_author_avatar":"","neve_post_elements_order":"","neve_meta_disable_header":"","neve_meta_disable_footer":"","neve_meta_disable_title":"","footnotes":""},"categories":[15],"tags":[],"class_list":["post-6125","post","type-post","status-publish","format-standard","has-post-thumbnail","hentry","category-sin-categorizar"],"yoast_head":"<!-- This site is optimized with the Yoast SEO plugin v25.4 - https:\/\/yoast.com\/wordpress\/plugins\/seo\/ -->\n<title>El 8M en Iniciatives Solid\u00e0ries: compromiso, participaci\u00f3n e igualdad - Iniciatives Solid\u00e0ries<\/title>\n<meta name=\"robots\" content=\"index, follow, max-snippet:-1, max-image-preview:large, max-video-preview:-1\" \/>\n<link rel=\"canonical\" href=\"https:\/\/www.iniciatives.org\/es\/el-8m-en-iniciatives-solidaries-compromiso-participacion-e-igualdad\/\" \/>\n<meta property=\"og:locale\" content=\"es_ES\" \/>\n<meta property=\"og:type\" content=\"article\" \/>\n<meta property=\"og:title\" content=\"El 8M en Iniciatives Solid\u00e0ries: compromiso, participaci\u00f3n e igualdad - Iniciatives Solid\u00e0ries\" \/>\n<meta property=\"og:description\" content=\"El 8 de marzo, Iniciatives Solid\u00e0ries ha celebrado el D\u00eda Internacional de la Mujer con programaciones especiales en todos los servicios y proyectos de la entidad, convirtiendo esta fecha en una oportunidad para reflexionar, visibilizar y reivindicar el papel de las mujeres en nuestra sociedad. A lo largo de la jornada se han llevado a&hellip;&nbsp;Leer m\u00e1s &raquo;El 8M en Iniciatives Solid\u00e0ries: compromiso, participaci\u00f3n e igualdad\" \/>\n<meta property=\"og:url\" content=\"https:\/\/www.iniciatives.org\/es\/el-8m-en-iniciatives-solidaries-compromiso-participacion-e-igualdad\/\" \/>\n<meta property=\"og:site_name\" content=\"Iniciatives Solid\u00e0ries\" \/>\n<meta property=\"article:published_time\" content=\"2026-03-09T15:08:00+00:00\" \/>\n<meta property=\"article:modified_time\" content=\"2026-04-27T14:10:56+00:00\" \/>\n<meta property=\"og:image\" content=\"https:\/\/www.iniciatives.org\/wp-content\/uploads\/2026\/04\/WhatsApp-Image-2026-04-27-at-11.12.59.jpeg\" \/>\n\t<meta property=\"og:image:width\" content=\"1600\" \/>\n\t<meta property=\"og:image:height\" content=\"1200\" \/>\n\t<meta property=\"og:image:type\" content=\"image\/jpeg\" \/>\n<meta name=\"author\" content=\"marta\" \/>\n<meta name=\"twitter:card\" content=\"summary_large_image\" \/>\n<meta name=\"twitter:label1\" content=\"Escrito por\" \/>\n\t<meta name=\"twitter:data1\" content=\"marta\" \/>\n\t<meta name=\"twitter:label2\" content=\"Tiempo de lectura\" \/>\n\t<meta name=\"twitter:data2\" content=\"3 minutos\" \/>\n<script type=\"application\/ld+json\" class=\"yoast-schema-graph\">{\"@context\":\"https:\/\/schema.org\",\"@graph\":[{\"@type\":\"WebPage\",\"@id\":\"https:\/\/www.iniciatives.org\/es\/el-8m-en-iniciatives-solidaries-compromiso-participacion-e-igualdad\/\",\"url\":\"https:\/\/www.iniciatives.org\/es\/el-8m-en-iniciatives-solidaries-compromiso-participacion-e-igualdad\/\",\"name\":\"El 8M en Iniciatives Solid\u00e0ries: compromiso, participaci\u00f3n e igualdad - Iniciatives Solid\u00e0ries\",\"isPartOf\":{\"@id\":\"https:\/\/www.iniciatives.org\/#website\"},\"primaryImageOfPage\":{\"@id\":\"https:\/\/www.iniciatives.org\/es\/el-8m-en-iniciatives-solidaries-compromiso-participacion-e-igualdad\/#primaryimage\"},\"image\":{\"@id\":\"https:\/\/www.iniciatives.org\/es\/el-8m-en-iniciatives-solidaries-compromiso-participacion-e-igualdad\/#primaryimage\"},\"thumbnailUrl\":\"https:\/\/www.iniciatives.org\/wp-content\/uploads\/2026\/04\/WhatsApp-Image-2026-04-27-at-11.12.59.jpeg\",\"datePublished\":\"2026-03-09T15:08:00+00:00\",\"dateModified\":\"2026-04-27T14:10:56+00:00\",\"author\":{\"@id\":\"https:\/\/www.iniciatives.org\/#\/schema\/person\/6b6b53abb46095f47a6b492083695855\"},\"breadcrumb\":{\"@id\":\"https:\/\/www.iniciatives.org\/es\/el-8m-en-iniciatives-solidaries-compromiso-participacion-e-igualdad\/#breadcrumb\"},\"inLanguage\":\"es\",\"potentialAction\":[{\"@type\":\"ReadAction\",\"target\":[\"https:\/\/www.iniciatives.org\/es\/el-8m-en-iniciatives-solidaries-compromiso-participacion-e-igualdad\/\"]}]},{\"@type\":\"ImageObject\",\"inLanguage\":\"es\",\"@id\":\"https:\/\/www.iniciatives.org\/es\/el-8m-en-iniciatives-solidaries-compromiso-participacion-e-igualdad\/#primaryimage\",\"url\":\"https:\/\/www.iniciatives.org\/wp-content\/uploads\/2026\/04\/WhatsApp-Image-2026-04-27-at-11.12.59.jpeg\",\"contentUrl\":\"https:\/\/www.iniciatives.org\/wp-content\/uploads\/2026\/04\/WhatsApp-Image-2026-04-27-at-11.12.59.jpeg\",\"width\":1600,\"height\":1200},{\"@type\":\"BreadcrumbList\",\"@id\":\"https:\/\/www.iniciatives.org\/es\/el-8m-en-iniciatives-solidaries-compromiso-participacion-e-igualdad\/#breadcrumb\",\"itemListElement\":[{\"@type\":\"ListItem\",\"position\":1,\"name\":\"Inici\",\"item\":\"https:\/\/www.iniciatives.org\/es\/\"},{\"@type\":\"ListItem\",\"position\":2,\"name\":\"El 8M en Iniciatives Solid\u00e0ries: compromiso, participaci\u00f3n e igualdad\"}]},{\"@type\":\"WebSite\",\"@id\":\"https:\/\/www.iniciatives.org\/#website\",\"url\":\"https:\/\/www.iniciatives.org\/\",\"name\":\"Iniciatives Solid\u00e0ries\",\"description\":\"Iniciatives Solid\u00e0ries \u00e9s una ONG d\u2019acci\u00f3 social, acolliment i inserci\u00f3 social\",\"potentialAction\":[{\"@type\":\"SearchAction\",\"target\":{\"@type\":\"EntryPoint\",\"urlTemplate\":\"https:\/\/www.iniciatives.org\/?s={search_term_string}\"},\"query-input\":{\"@type\":\"PropertyValueSpecification\",\"valueRequired\":true,\"valueName\":\"search_term_string\"}}],\"inLanguage\":\"es\"},{\"@type\":\"Person\",\"@id\":\"https:\/\/www.iniciatives.org\/#\/schema\/person\/6b6b53abb46095f47a6b492083695855\",\"name\":\"marta\",\"image\":{\"@type\":\"ImageObject\",\"inLanguage\":\"es\",\"@id\":\"https:\/\/www.iniciatives.org\/#\/schema\/person\/image\/\",\"url\":\"https:\/\/secure.gravatar.com\/avatar\/a0c1939c897a5dff40c633421ff039f2ae4b3bb420c6db4a2f86e965bb90d93f?s=96&d=mm&r=g\",\"contentUrl\":\"https:\/\/secure.gravatar.com\/avatar\/a0c1939c897a5dff40c633421ff039f2ae4b3bb420c6db4a2f86e965bb90d93f?s=96&d=mm&r=g\",\"caption\":\"marta\"},\"url\":\"https:\/\/www.iniciatives.org\/es\/author\/marta\/\"}]}<\/script>\n<!-- \/ Yoast SEO plugin. -->","yoast_head_json":{"title":"El 8M en Iniciatives Solid\u00e0ries: compromiso, participaci\u00f3n e igualdad - Iniciatives Solid\u00e0ries","robots":{"index":"index","follow":"follow","max-snippet":"max-snippet:-1","max-image-preview":"max-image-preview:large","max-video-preview":"max-video-preview:-1"},"canonical":"https:\/\/www.iniciatives.org\/es\/el-8m-en-iniciatives-solidaries-compromiso-participacion-e-igualdad\/","og_locale":"es_ES","og_type":"article","og_title":"El 8M en Iniciatives Solid\u00e0ries: compromiso, participaci\u00f3n e igualdad - Iniciatives Solid\u00e0ries","og_description":"El 8 de marzo, Iniciatives Solid\u00e0ries ha celebrado el D\u00eda Internacional de la Mujer con programaciones especiales en todos los servicios y proyectos de la entidad, convirtiendo esta fecha en una oportunidad para reflexionar, visibilizar y reivindicar el papel de las mujeres en nuestra sociedad. A lo largo de la jornada se han llevado a&hellip;&nbsp;Leer m\u00e1s &raquo;El 8M en Iniciatives Solid\u00e0ries: compromiso, participaci\u00f3n e igualdad","og_url":"https:\/\/www.iniciatives.org\/es\/el-8m-en-iniciatives-solidaries-compromiso-participacion-e-igualdad\/","og_site_name":"Iniciatives Solid\u00e0ries","article_published_time":"2026-03-09T15:08:00+00:00","article_modified_time":"2026-04-27T14:10:56+00:00","og_image":[{"width":1600,"height":1200,"url":"https:\/\/www.iniciatives.org\/wp-content\/uploads\/2026\/04\/WhatsApp-Image-2026-04-27-at-11.12.59.jpeg","type":"image\/jpeg"}],"author":"marta","twitter_card":"summary_large_image","twitter_misc":{"Escrito por":"marta","Tiempo de lectura":"3 minutos"},"schema":{"@context":"https:\/\/schema.org","@graph":[{"@type":"WebPage","@id":"https:\/\/www.iniciatives.org\/es\/el-8m-en-iniciatives-solidaries-compromiso-participacion-e-igualdad\/","url":"https:\/\/www.iniciatives.org\/es\/el-8m-en-iniciatives-solidaries-compromiso-participacion-e-igualdad\/","name":"El 8M en Iniciatives Solid\u00e0ries: compromiso, participaci\u00f3n e igualdad - Iniciatives Solid\u00e0ries","isPartOf":{"@id":"https:\/\/www.iniciatives.org\/#website"},"primaryImageOfPage":{"@id":"https:\/\/www.iniciatives.org\/es\/el-8m-en-iniciatives-solidaries-compromiso-participacion-e-igualdad\/#primaryimage"},"image":{"@id":"https:\/\/www.iniciatives.org\/es\/el-8m-en-iniciatives-solidaries-compromiso-participacion-e-igualdad\/#primaryimage"},"thumbnailUrl":"https:\/\/www.iniciatives.org\/wp-content\/uploads\/2026\/04\/WhatsApp-Image-2026-04-27-at-11.12.59.jpeg","datePublished":"2026-03-09T15:08:00+00:00","dateModified":"2026-04-27T14:10:56+00:00","author":{"@id":"https:\/\/www.iniciatives.org\/#\/schema\/person\/6b6b53abb46095f47a6b492083695855"},"breadcrumb":{"@id":"https:\/\/www.iniciatives.org\/es\/el-8m-en-iniciatives-solidaries-compromiso-participacion-e-igualdad\/#breadcrumb"},"inLanguage":"es","potentialAction":[{"@type":"ReadAction","target":["https:\/\/www.iniciatives.org\/es\/el-8m-en-iniciatives-solidaries-compromiso-participacion-e-igualdad\/"]}]},{"@type":"ImageObject","inLanguage":"es","@id":"https:\/\/www.iniciatives.org\/es\/el-8m-en-iniciatives-solidaries-compromiso-participacion-e-igualdad\/#primaryimage","url":"https:\/\/www.iniciatives.org\/wp-content\/uploads\/2026\/04\/WhatsApp-Image-2026-04-27-at-11.12.59.jpeg","contentUrl":"https:\/\/www.iniciatives.org\/wp-content\/uploads\/2026\/04\/WhatsApp-Image-2026-04-27-at-11.12.59.jpeg","width":1600,"height":1200},{"@type":"BreadcrumbList","@id":"https:\/\/www.iniciatives.org\/es\/el-8m-en-iniciatives-solidaries-compromiso-participacion-e-igualdad\/#breadcrumb","itemListElement":[{"@type":"ListItem","position":1,"name":"Inici","item":"https:\/\/www.iniciatives.org\/es\/"},{"@type":"ListItem","position":2,"name":"El 8M en Iniciatives Solid\u00e0ries: compromiso, participaci\u00f3n e igualdad"}]},{"@type":"WebSite","@id":"https:\/\/www.iniciatives.org\/#website","url":"https:\/\/www.iniciatives.org\/","name":"Iniciatives Solid\u00e0ries","description":"Iniciatives Solid\u00e0ries \u00e9s una ONG d\u2019acci\u00f3 social, acolliment i inserci\u00f3 social","potentialAction":[{"@type":"SearchAction","target":{"@type":"EntryPoint","urlTemplate":"https:\/\/www.iniciatives.org\/?s={search_term_string}"},"query-input":{"@type":"PropertyValueSpecification","valueRequired":true,"valueName":"search_term_string"}}],"inLanguage":"es"},{"@type":"Person","@id":"https:\/\/www.iniciatives.org\/#\/schema\/person\/6b6b53abb46095f47a6b492083695855","name":"marta","image":{"@type":"ImageObject","inLanguage":"es","@id":"https:\/\/www.iniciatives.org\/#\/schema\/person\/image\/","url":"https:\/\/secure.gravatar.com\/avatar\/a0c1939c897a5dff40c633421ff039f2ae4b3bb420c6db4a2f86e965bb90d93f?s=96&d=mm&r=g","contentUrl":"https:\/\/secure.gravatar.com\/avatar\/a0c1939c897a5dff40c633421ff039f2ae4b3bb420c6db4a2f86e965bb90d93f?s=96&d=mm&r=g","caption":"marta"},"url":"https:\/\/www.iniciatives.org\/es\/author\/marta\/"}]}},"_links":{"self":[{"href":"https:\/\/www.iniciatives.org\/es\/wp-json\/wp\/v2\/posts\/6125","targetHints":{"allow":["GET"]}}],"collection":[{"href":"https:\/\/www.iniciatives.org\/es\/wp-json\/wp\/v2\/posts"}],"about":[{"href":"https:\/\/www.iniciatives.org\/es\/wp-json\/wp\/v2\/types\/post"}],"author":[{"embeddable":true,"href":"https:\/\/www.iniciatives.org\/es\/wp-json\/wp\/v2\/users\/3"}],"replies":[{"embeddable":true,"href":"https:\/\/www.iniciatives.org\/es\/wp-json\/wp\/v2\/comments?post=6125"}],"version-history":[{"count":1,"href":"https:\/\/www.iniciatives.org\/es\/wp-json\/wp\/v2\/posts\/6125\/revisions"}],"predecessor-version":[{"id":6126,"href":"https:\/\/www.iniciatives.org\/es\/wp-json\/wp\/v2\/posts\/6125\/revisions\/6126"}],"wp:featuredmedia":[{"embeddable":true,"href":"https:\/\/www.iniciatives.org\/es\/wp-json\/wp\/v2\/media\/6116"}],"wp:attachment":[{"href":"https:\/\/www.iniciatives.org\/es\/wp-json\/wp\/v2\/media?parent=6125"}],"wp:term":[{"taxonomy":"category","embeddable":true,"href":"https:\/\/www.iniciatives.org\/es\/wp-json\/wp\/v2\/categories?post=6125"},{"taxonomy":"post_tag","embeddable":true,"href":"https:\/\/www.iniciatives.org\/es\/wp-json\/wp\/v2\/tags?post=6125"}],"curies":[{"name":"wp","href":"https:\/\/api.w.org\/{rel}","templated":true}]}}