

{"id":6133,"date":"2025-11-28T15:51:00","date_gmt":"2025-11-28T14:51:00","guid":{"rendered":"https:\/\/www.iniciatives.org\/?p=6133"},"modified":"2026-04-29T11:48:46","modified_gmt":"2026-04-29T09:48:46","slug":"nace-rubicat-el-nuevo-servicio-de-vivienda-temporal-para-situaciones-de-emergencia-en-rubi","status":"publish","type":"post","link":"https:\/\/www.iniciatives.org\/es\/nace-rubicat-el-nuevo-servicio-de-vivienda-temporal-para-situaciones-de-emergencia-en-rubi\/","title":{"rendered":"Nace Rubicat, el nuevo servicio de vivienda temporal para situaciones de emergencia en Rub\u00ed"},"content":{"rendered":"\n<p>Rubicat es un nuevo recurso impulsado por Iniciatives Solid\u00e0ries en la ciudad de Rub\u00ed, creado con la voluntad de ofrecer una respuesta inmediata y digna a personas y familias que se encuentran en situaci\u00f3n de emergencia habitacional. Este proyecto nace con el objetivo de garantizar un espacio seguro, estable y temporal para aquellos hogares que, por diferentes circunstancias, han perdido su vivienda o est\u00e1n en riesgo de hacerlo.<\/p>\n\n\n\n<p>La puesta en marcha de Rubicat ha sido posible gracias al apoyo y la colaboraci\u00f3n del Departamento de Derechos Sociales e Inclusi\u00f3n y del Ayuntamiento de Rub\u00ed, que han confiado en Iniciatives Solid\u00e0ries para gestionar este recurso y acompa\u00f1ar a las personas usuarias en su proceso de recuperaci\u00f3n y estabilizaci\u00f3n. <\/p>\n\n\n\n<p>Gracias a esta suma de esfuerzos, el proyecto se convierte en una herramienta clave para reforzar la red de protecci\u00f3n social del municipio y para garantizar que nadie quede atr\u00e1s ante una situaci\u00f3n tan vulnerable como la p\u00e9rdida de la vivienda.<\/p>\n\n\n\n<p>Rubicat no solo proporciona alojamiento temporal, sino que tambi\u00e9n ofrece acompa\u00f1amiento social, orientaci\u00f3n y apoyo personalizado para ayudar a las personas a reconstruir su proyecto vital, acceder a recursos comunitarios y avanzar hacia una situaci\u00f3n de autonom\u00eda y estabilidad.<\/p>\n\n\n<div class=\"wp-block-image\">\n<figure class=\"aligncenter size-large is-resized\"><img loading=\"lazy\" decoding=\"async\" width=\"960\" height=\"1200\" src=\"https:\/\/www.iniciatives.org\/wp-content\/uploads\/2025\/11\/difusio-960x1200.png\" alt=\"\" class=\"wp-image-6154\" style=\"width:502px;height:auto\" srcset=\"https:\/\/www.iniciatives.org\/wp-content\/uploads\/2025\/11\/difusio-960x1200.png 960w, https:\/\/www.iniciatives.org\/wp-content\/uploads\/2025\/11\/difusio-640x800.png 640w, https:\/\/www.iniciatives.org\/wp-content\/uploads\/2025\/11\/difusio-768x960.png 768w, https:\/\/www.iniciatives.org\/wp-content\/uploads\/2025\/11\/difusio.png 1215w\" sizes=\"auto, (max-width: 960px) 100vw, 960px\" \/><\/figure><\/div>\n\n\n<p><\/p>\n\n\n<div class=\"wp-block-image\">\n<figure class=\"aligncenter size-full is-resized\"><img loading=\"lazy\" decoding=\"async\" width=\"518\" height=\"83\" src=\"https:\/\/www.iniciatives.org\/wp-content\/uploads\/2025\/11\/image-3.png\" alt=\"\" class=\"wp-image-6141\" style=\"aspect-ratio:6.241486068111455;width:669px;height:auto\"\/><\/figure><\/div>","protected":false},"excerpt":{"rendered":"<p>Rubicat es un nuevo recurso impulsado por Iniciatives Solid\u00e0ries en la ciudad de Rub\u00ed, creado con la voluntad de ofrecer una respuesta inmediata y digna a personas y familias que se encuentran en situaci\u00f3n de emergencia habitacional. Este proyecto nace con el objetivo de garantizar un espacio seguro, estable y temporal para aquellos hogares que,&hellip;&nbsp;<a href=\"https:\/\/www.iniciatives.org\/es\/nace-rubicat-el-nuevo-servicio-de-vivienda-temporal-para-situaciones-de-emergencia-en-rubi\/\" rel=\"bookmark\">Leer m\u00e1s &raquo;<span class=\"screen-reader-text\">Nace Rubicat, el nuevo servicio de vivienda temporal para situaciones de emergencia en Rub\u00ed<\/span><\/a><\/p>\n","protected":false},"author":3,"featured_media":6153,"comment_status":"closed","ping_status":"open","sticky":false,"template":"","format":"standard","meta":{"_eb_attr":"","neve_meta_sidebar":"","neve_meta_container":"","neve_meta_enable_content_width":"","neve_meta_content_width":0,"neve_meta_title_alignment":"","neve_meta_author_avatar":"","neve_post_elements_order":"","neve_meta_disable_header":"","neve_meta_disable_footer":"","neve_meta_disable_title":"","footnotes":""},"categories":[15],"tags":[],"class_list":["post-6133","post","type-post","status-publish","format-standard","has-post-thumbnail","hentry","category-sin-categorizar"],"yoast_head":"<!-- This site is optimized with the Yoast SEO plugin v25.4 - https:\/\/yoast.com\/wordpress\/plugins\/seo\/ -->\n<title>Nace Rubicat, el nuevo servicio de vivienda temporal para situaciones de emergencia en Rub\u00ed - Iniciatives Solid\u00e0ries<\/title>\n<meta name=\"robots\" content=\"index, follow, max-snippet:-1, max-image-preview:large, max-video-preview:-1\" \/>\n<link rel=\"canonical\" href=\"https:\/\/www.iniciatives.org\/es\/nace-rubicat-el-nuevo-servicio-de-vivienda-temporal-para-situaciones-de-emergencia-en-rubi\/\" \/>\n<meta property=\"og:locale\" content=\"es_ES\" \/>\n<meta property=\"og:type\" content=\"article\" \/>\n<meta property=\"og:title\" content=\"Nace Rubicat, el nuevo servicio de vivienda temporal para situaciones de emergencia en Rub\u00ed - Iniciatives Solid\u00e0ries\" \/>\n<meta property=\"og:description\" content=\"Rubicat es un nuevo recurso impulsado por Iniciatives Solid\u00e0ries en la ciudad de Rub\u00ed, creado con la voluntad de ofrecer una respuesta inmediata y digna a personas y familias que se encuentran en situaci\u00f3n de emergencia habitacional. Este proyecto nace con el objetivo de garantizar un espacio seguro, estable y temporal para aquellos hogares que,&hellip;&nbsp;Leer m\u00e1s &raquo;Nace Rubicat, el nuevo servicio de vivienda temporal para situaciones de emergencia en Rub\u00ed\" \/>\n<meta property=\"og:url\" content=\"https:\/\/www.iniciatives.org\/es\/nace-rubicat-el-nuevo-servicio-de-vivienda-temporal-para-situaciones-de-emergencia-en-rubi\/\" \/>\n<meta property=\"og:site_name\" content=\"Iniciatives Solid\u00e0ries\" \/>\n<meta property=\"article:published_time\" content=\"2025-11-28T14:51:00+00:00\" \/>\n<meta property=\"article:modified_time\" content=\"2026-04-29T09:48:46+00:00\" \/>\n<meta property=\"og:image\" content=\"https:\/\/www.iniciatives.org\/wp-content\/uploads\/2025\/11\/1200.png\" \/>\n\t<meta property=\"og:image:width\" content=\"1599\" \/>\n\t<meta property=\"og:image:height\" content=\"899\" \/>\n\t<meta property=\"og:image:type\" content=\"image\/png\" \/>\n<meta name=\"author\" content=\"marta\" \/>\n<meta name=\"twitter:card\" content=\"summary_large_image\" \/>\n<meta name=\"twitter:label1\" content=\"Escrito por\" \/>\n\t<meta name=\"twitter:data1\" content=\"marta\" \/>\n\t<meta name=\"twitter:label2\" content=\"Tiempo de lectura\" \/>\n\t<meta name=\"twitter:data2\" content=\"2 minutos\" \/>\n<script type=\"application\/ld+json\" class=\"yoast-schema-graph\">{\"@context\":\"https:\/\/schema.org\",\"@graph\":[{\"@type\":\"WebPage\",\"@id\":\"https:\/\/www.iniciatives.org\/es\/nace-rubicat-el-nuevo-servicio-de-vivienda-temporal-para-situaciones-de-emergencia-en-rubi\/\",\"url\":\"https:\/\/www.iniciatives.org\/es\/nace-rubicat-el-nuevo-servicio-de-vivienda-temporal-para-situaciones-de-emergencia-en-rubi\/\",\"name\":\"Nace Rubicat, el nuevo servicio de vivienda temporal para situaciones de emergencia en Rub\u00ed - Iniciatives Solid\u00e0ries\",\"isPartOf\":{\"@id\":\"https:\/\/www.iniciatives.org\/#website\"},\"primaryImageOfPage\":{\"@id\":\"https:\/\/www.iniciatives.org\/es\/nace-rubicat-el-nuevo-servicio-de-vivienda-temporal-para-situaciones-de-emergencia-en-rubi\/#primaryimage\"},\"image\":{\"@id\":\"https:\/\/www.iniciatives.org\/es\/nace-rubicat-el-nuevo-servicio-de-vivienda-temporal-para-situaciones-de-emergencia-en-rubi\/#primaryimage\"},\"thumbnailUrl\":\"https:\/\/www.iniciatives.org\/wp-content\/uploads\/2025\/11\/1200.png\",\"datePublished\":\"2025-11-28T14:51:00+00:00\",\"dateModified\":\"2026-04-29T09:48:46+00:00\",\"author\":{\"@id\":\"https:\/\/www.iniciatives.org\/#\/schema\/person\/6b6b53abb46095f47a6b492083695855\"},\"breadcrumb\":{\"@id\":\"https:\/\/www.iniciatives.org\/es\/nace-rubicat-el-nuevo-servicio-de-vivienda-temporal-para-situaciones-de-emergencia-en-rubi\/#breadcrumb\"},\"inLanguage\":\"es\",\"potentialAction\":[{\"@type\":\"ReadAction\",\"target\":[\"https:\/\/www.iniciatives.org\/es\/nace-rubicat-el-nuevo-servicio-de-vivienda-temporal-para-situaciones-de-emergencia-en-rubi\/\"]}]},{\"@type\":\"ImageObject\",\"inLanguage\":\"es\",\"@id\":\"https:\/\/www.iniciatives.org\/es\/nace-rubicat-el-nuevo-servicio-de-vivienda-temporal-para-situaciones-de-emergencia-en-rubi\/#primaryimage\",\"url\":\"https:\/\/www.iniciatives.org\/wp-content\/uploads\/2025\/11\/1200.png\",\"contentUrl\":\"https:\/\/www.iniciatives.org\/wp-content\/uploads\/2025\/11\/1200.png\",\"width\":1599,\"height\":899},{\"@type\":\"BreadcrumbList\",\"@id\":\"https:\/\/www.iniciatives.org\/es\/nace-rubicat-el-nuevo-servicio-de-vivienda-temporal-para-situaciones-de-emergencia-en-rubi\/#breadcrumb\",\"itemListElement\":[{\"@type\":\"ListItem\",\"position\":1,\"name\":\"Inici\",\"item\":\"https:\/\/www.iniciatives.org\/es\/\"},{\"@type\":\"ListItem\",\"position\":2,\"name\":\"Nace Rubicat, el nuevo servicio de vivienda temporal para situaciones de emergencia en Rub\u00ed\"}]},{\"@type\":\"WebSite\",\"@id\":\"https:\/\/www.iniciatives.org\/#website\",\"url\":\"https:\/\/www.iniciatives.org\/\",\"name\":\"Iniciatives Solid\u00e0ries\",\"description\":\"Iniciatives Solid\u00e0ries \u00e9s una ONG d\u2019acci\u00f3 social, acolliment i inserci\u00f3 social\",\"potentialAction\":[{\"@type\":\"SearchAction\",\"target\":{\"@type\":\"EntryPoint\",\"urlTemplate\":\"https:\/\/www.iniciatives.org\/?s={search_term_string}\"},\"query-input\":{\"@type\":\"PropertyValueSpecification\",\"valueRequired\":true,\"valueName\":\"search_term_string\"}}],\"inLanguage\":\"es\"},{\"@type\":\"Person\",\"@id\":\"https:\/\/www.iniciatives.org\/#\/schema\/person\/6b6b53abb46095f47a6b492083695855\",\"name\":\"marta\",\"image\":{\"@type\":\"ImageObject\",\"inLanguage\":\"es\",\"@id\":\"https:\/\/www.iniciatives.org\/#\/schema\/person\/image\/\",\"url\":\"https:\/\/secure.gravatar.com\/avatar\/a0c1939c897a5dff40c633421ff039f2ae4b3bb420c6db4a2f86e965bb90d93f?s=96&d=mm&r=g\",\"contentUrl\":\"https:\/\/secure.gravatar.com\/avatar\/a0c1939c897a5dff40c633421ff039f2ae4b3bb420c6db4a2f86e965bb90d93f?s=96&d=mm&r=g\",\"caption\":\"marta\"},\"url\":\"https:\/\/www.iniciatives.org\/es\/author\/marta\/\"}]}<\/script>\n<!-- \/ Yoast SEO plugin. -->","yoast_head_json":{"title":"Nace Rubicat, el nuevo servicio de vivienda temporal para situaciones de emergencia en Rub\u00ed - Iniciatives Solid\u00e0ries","robots":{"index":"index","follow":"follow","max-snippet":"max-snippet:-1","max-image-preview":"max-image-preview:large","max-video-preview":"max-video-preview:-1"},"canonical":"https:\/\/www.iniciatives.org\/es\/nace-rubicat-el-nuevo-servicio-de-vivienda-temporal-para-situaciones-de-emergencia-en-rubi\/","og_locale":"es_ES","og_type":"article","og_title":"Nace Rubicat, el nuevo servicio de vivienda temporal para situaciones de emergencia en Rub\u00ed - Iniciatives Solid\u00e0ries","og_description":"Rubicat es un nuevo recurso impulsado por Iniciatives Solid\u00e0ries en la ciudad de Rub\u00ed, creado con la voluntad de ofrecer una respuesta inmediata y digna a personas y familias que se encuentran en situaci\u00f3n de emergencia habitacional. Este proyecto nace con el objetivo de garantizar un espacio seguro, estable y temporal para aquellos hogares que,&hellip;&nbsp;Leer m\u00e1s &raquo;Nace Rubicat, el nuevo servicio de vivienda temporal para situaciones de emergencia en Rub\u00ed","og_url":"https:\/\/www.iniciatives.org\/es\/nace-rubicat-el-nuevo-servicio-de-vivienda-temporal-para-situaciones-de-emergencia-en-rubi\/","og_site_name":"Iniciatives Solid\u00e0ries","article_published_time":"2025-11-28T14:51:00+00:00","article_modified_time":"2026-04-29T09:48:46+00:00","og_image":[{"width":1599,"height":899,"url":"https:\/\/www.iniciatives.org\/wp-content\/uploads\/2025\/11\/1200.png","type":"image\/png"}],"author":"marta","twitter_card":"summary_large_image","twitter_misc":{"Escrito por":"marta","Tiempo de lectura":"2 minutos"},"schema":{"@context":"https:\/\/schema.org","@graph":[{"@type":"WebPage","@id":"https:\/\/www.iniciatives.org\/es\/nace-rubicat-el-nuevo-servicio-de-vivienda-temporal-para-situaciones-de-emergencia-en-rubi\/","url":"https:\/\/www.iniciatives.org\/es\/nace-rubicat-el-nuevo-servicio-de-vivienda-temporal-para-situaciones-de-emergencia-en-rubi\/","name":"Nace Rubicat, el nuevo servicio de vivienda temporal para situaciones de emergencia en Rub\u00ed - Iniciatives Solid\u00e0ries","isPartOf":{"@id":"https:\/\/www.iniciatives.org\/#website"},"primaryImageOfPage":{"@id":"https:\/\/www.iniciatives.org\/es\/nace-rubicat-el-nuevo-servicio-de-vivienda-temporal-para-situaciones-de-emergencia-en-rubi\/#primaryimage"},"image":{"@id":"https:\/\/www.iniciatives.org\/es\/nace-rubicat-el-nuevo-servicio-de-vivienda-temporal-para-situaciones-de-emergencia-en-rubi\/#primaryimage"},"thumbnailUrl":"https:\/\/www.iniciatives.org\/wp-content\/uploads\/2025\/11\/1200.png","datePublished":"2025-11-28T14:51:00+00:00","dateModified":"2026-04-29T09:48:46+00:00","author":{"@id":"https:\/\/www.iniciatives.org\/#\/schema\/person\/6b6b53abb46095f47a6b492083695855"},"breadcrumb":{"@id":"https:\/\/www.iniciatives.org\/es\/nace-rubicat-el-nuevo-servicio-de-vivienda-temporal-para-situaciones-de-emergencia-en-rubi\/#breadcrumb"},"inLanguage":"es","potentialAction":[{"@type":"ReadAction","target":["https:\/\/www.iniciatives.org\/es\/nace-rubicat-el-nuevo-servicio-de-vivienda-temporal-para-situaciones-de-emergencia-en-rubi\/"]}]},{"@type":"ImageObject","inLanguage":"es","@id":"https:\/\/www.iniciatives.org\/es\/nace-rubicat-el-nuevo-servicio-de-vivienda-temporal-para-situaciones-de-emergencia-en-rubi\/#primaryimage","url":"https:\/\/www.iniciatives.org\/wp-content\/uploads\/2025\/11\/1200.png","contentUrl":"https:\/\/www.iniciatives.org\/wp-content\/uploads\/2025\/11\/1200.png","width":1599,"height":899},{"@type":"BreadcrumbList","@id":"https:\/\/www.iniciatives.org\/es\/nace-rubicat-el-nuevo-servicio-de-vivienda-temporal-para-situaciones-de-emergencia-en-rubi\/#breadcrumb","itemListElement":[{"@type":"ListItem","position":1,"name":"Inici","item":"https:\/\/www.iniciatives.org\/es\/"},{"@type":"ListItem","position":2,"name":"Nace Rubicat, el nuevo servicio de vivienda temporal para situaciones de emergencia en Rub\u00ed"}]},{"@type":"WebSite","@id":"https:\/\/www.iniciatives.org\/#website","url":"https:\/\/www.iniciatives.org\/","name":"Iniciatives Solid\u00e0ries","description":"Iniciatives Solid\u00e0ries \u00e9s una ONG d\u2019acci\u00f3 social, acolliment i inserci\u00f3 social","potentialAction":[{"@type":"SearchAction","target":{"@type":"EntryPoint","urlTemplate":"https:\/\/www.iniciatives.org\/?s={search_term_string}"},"query-input":{"@type":"PropertyValueSpecification","valueRequired":true,"valueName":"search_term_string"}}],"inLanguage":"es"},{"@type":"Person","@id":"https:\/\/www.iniciatives.org\/#\/schema\/person\/6b6b53abb46095f47a6b492083695855","name":"marta","image":{"@type":"ImageObject","inLanguage":"es","@id":"https:\/\/www.iniciatives.org\/#\/schema\/person\/image\/","url":"https:\/\/secure.gravatar.com\/avatar\/a0c1939c897a5dff40c633421ff039f2ae4b3bb420c6db4a2f86e965bb90d93f?s=96&d=mm&r=g","contentUrl":"https:\/\/secure.gravatar.com\/avatar\/a0c1939c897a5dff40c633421ff039f2ae4b3bb420c6db4a2f86e965bb90d93f?s=96&d=mm&r=g","caption":"marta"},"url":"https:\/\/www.iniciatives.org\/es\/author\/marta\/"}]}},"_links":{"self":[{"href":"https:\/\/www.iniciatives.org\/es\/wp-json\/wp\/v2\/posts\/6133","targetHints":{"allow":["GET"]}}],"collection":[{"href":"https:\/\/www.iniciatives.org\/es\/wp-json\/wp\/v2\/posts"}],"about":[{"href":"https:\/\/www.iniciatives.org\/es\/wp-json\/wp\/v2\/types\/post"}],"author":[{"embeddable":true,"href":"https:\/\/www.iniciatives.org\/es\/wp-json\/wp\/v2\/users\/3"}],"replies":[{"embeddable":true,"href":"https:\/\/www.iniciatives.org\/es\/wp-json\/wp\/v2\/comments?post=6133"}],"version-history":[{"count":6,"href":"https:\/\/www.iniciatives.org\/es\/wp-json\/wp\/v2\/posts\/6133\/revisions"}],"predecessor-version":[{"id":6161,"href":"https:\/\/www.iniciatives.org\/es\/wp-json\/wp\/v2\/posts\/6133\/revisions\/6161"}],"wp:featuredmedia":[{"embeddable":true,"href":"https:\/\/www.iniciatives.org\/es\/wp-json\/wp\/v2\/media\/6153"}],"wp:attachment":[{"href":"https:\/\/www.iniciatives.org\/es\/wp-json\/wp\/v2\/media?parent=6133"}],"wp:term":[{"taxonomy":"category","embeddable":true,"href":"https:\/\/www.iniciatives.org\/es\/wp-json\/wp\/v2\/categories?post=6133"},{"taxonomy":"post_tag","embeddable":true,"href":"https:\/\/www.iniciatives.org\/es\/wp-json\/wp\/v2\/tags?post=6133"}],"curies":[{"name":"wp","href":"https:\/\/api.w.org\/{rel}","templated":true}]}}